{"id":6568,"date":"2025-12-22T15:35:39","date_gmt":"2025-12-22T14:35:39","guid":{"rendered":"https:\/\/agora.xtec.cat\/ceipparealgue\/?p=6568"},"modified":"2025-12-22T15:35:39","modified_gmt":"2025-12-22T14:35:39","slug":"concert-de-nadal-de-pizzicants","status":"publish","type":"post","link":"https:\/\/agora.xtec.cat\/ceipparealgue\/general\/concert-de-nadal-de-pizzicants\/","title":{"rendered":"Concert de Nadal de Pizzicants"},"content":{"rendered":"<p>Bona tarda a tothom! El passat dijous 18 de desembre, l&#8217;alumnat del tercer cicle que realitza l&#8217;extraescolar de Pizzicants a l&#8217;escola, va anar al Concert de Nadal del Teatre Kursaal de Manresa. Van fer un espectacle magn\u00edfic i ple d&#8217;emoci\u00f3. Us felicitem per la feina feta aquest trimestre i per la vostra bona interpretaci\u00f3 musical. A continuaci\u00f3, podeu veure fotografies i v\u00eddeo d&#8217;aquest dia:\u00a0 <a href=\"https:\/\/photos.app.goo.gl\/9qqAvTznxVEeitvZ8\">Concert de Nadal de Pizzicants<\/a><\/p>\n","protected":false},"excerpt":{"rendered":"<p>Bona tarda a tothom! El passat dijous 18 de desembre, l&#8217;alumnat del tercer cicle que realitza l&#8217;extraescolar de Pizzicants a l&#8217;escola, va anar al Concert de Nadal del Teatre Kursaal de Manresa. Van fer un espectacle magn\u00edfic i ple d&#8217;emoci\u00f3. Us felicitem per la feina&hellip;  <a href=\"https:\/\/agora.xtec.cat\/ceipparealgue\/general\/concert-de-nadal-de-pizzicants\/\" title=\"Read Concert de Nadal de Pizzicants\">Llegeix m\u00e9s\u00bb<\/a><\/p>\n","protected":false},"author":52,"featured_media":0,"comment_status":"open","ping_status":"open","sticky":false,"template":"","format":"standard","meta":{"_bbp_topic_count":0,"_bbp_reply_count":0,"_bbp_total_topic_count":0,"_bbp_total_reply_count":0,"_bbp_voice_count":0,"_bbp_anonymous_reply_count":0,"_bbp_topic_count_hidden":0,"_bbp_reply_count_hidden":0,"_bbp_forum_subforum_count":0,"footnotes":""},"categories":[1,4,5,9,8],"tags":[],"class_list":["post-6568","post","type-post","status-publish","format-standard","hentry","category-general","category-portada","category-primaria","category-9","category-8"],"post_mailing_queue_ids":[],"_links":{"self":[{"href":"https:\/\/agora.xtec.cat\/ceipparealgue\/wp-json\/wp\/v2\/posts\/6568","targetHints":{"allow":["GET"]}}],"collection":[{"href":"https:\/\/agora.xtec.cat\/ceipparealgue\/wp-json\/wp\/v2\/posts"}],"about":[{"href":"https:\/\/agora.xtec.cat\/ceipparealgue\/wp-json\/wp\/v2\/types\/post"}],"author":[{"embeddable":true,"href":"https:\/\/agora.xtec.cat\/ceipparealgue\/wp-json\/wp\/v2\/users\/52"}],"replies":[{"embeddable":true,"href":"https:\/\/agora.xtec.cat\/ceipparealgue\/wp-json\/wp\/v2\/comments?post=6568"}],"version-history":[{"count":1,"href":"https:\/\/agora.xtec.cat\/ceipparealgue\/wp-json\/wp\/v2\/posts\/6568\/revisions"}],"predecessor-version":[{"id":6571,"href":"https:\/\/agora.xtec.cat\/ceipparealgue\/wp-json\/wp\/v2\/posts\/6568\/revisions\/6571"}],"wp:attachment":[{"href":"https:\/\/agora.xtec.cat\/ceipparealgue\/wp-json\/wp\/v2\/media?parent=6568"}],"wp:term":[{"taxonomy":"category","embeddable":true,"href":"https:\/\/agora.xtec.cat\/ceipparealgue\/wp-json\/wp\/v2\/categories?post=6568"},{"taxonomy":"post_tag","embeddable":true,"href":"https:\/\/agora.xtec.cat\/ceipparealgue\/wp-json\/wp\/v2\/tags?post=6568"}],"curies":[{"name":"wp","href":"https:\/\/api.w.org\/{rel}","templated":true}]}}