{"id":6559,"date":"2025-12-21T10:44:04","date_gmt":"2025-12-21T09:44:04","guid":{"rendered":"https:\/\/agora.xtec.cat\/ceipparealgue\/?p=6559"},"modified":"2025-12-21T10:52:41","modified_gmt":"2025-12-21T09:52:41","slug":"treballem-la-llengua","status":"publish","type":"post","link":"https:\/\/agora.xtec.cat\/ceipparealgue\/general\/treballem-la-llengua\/","title":{"rendered":"TREBALLEM  LA LLENGUA"},"content":{"rendered":"<p style=\"text-align: justify\">Hola fam\u00edlies,<\/p>\n<p style=\"text-align: justify\">Durant aquest trimestre hem treballant les <strong>frases fetes en catal\u00e0<\/strong> d\u2019una manera divertida i creativa. A l\u2019aula hem apr\u00e8s qu\u00e8 s\u00f3n, qu\u00e8 signifiquen i en quines situacions es fan servir, descobrint aix\u00ed la riquesa i l\u2019expressivitat de la nostra llengua.<\/p>\n<p style=\"text-align: justify\">Com a activitat final,hem elaborat <strong>un mural col\u00b7lectiu<\/strong>, on hem representat diferents frases amb petits textos explicatius. Aquest treball ens ha perm\u00e8s refor\u00e7ar la comprensi\u00f3 del vocabulari, fomentar la creativitat i treballar en equip.<\/p>\n<p style=\"text-align: justify\">Felicitats a tots i totes per la feina feta! A continuaci\u00f3 si cliqueu <a href=\"https:\/\/drive.google.com\/drive\/folders\/1lNcvQSI-aOgiPsqRJmUrMYzEu7lXUTq9?usp=sharing\">aqu\u00ed<\/a> podreu veure com treballem <img loading=\"lazy\" decoding=\"async\" class=\"wp-image-6561 aligncenter\" src=\"https:\/\/agora.xtec.cat\/ceipparealgue\/wp-content\/uploads\/usu157\/2025\/12\/COLLAGE.jpg\" alt=\"\" width=\"281\" height=\"281\" srcset=\"https:\/\/agora.xtec.cat\/ceipparealgue\/wp-content\/uploads\/usu157\/2025\/12\/COLLAGE.jpg 923w, https:\/\/agora.xtec.cat\/ceipparealgue\/wp-content\/uploads\/usu157\/2025\/12\/COLLAGE-300x300.jpg 300w, https:\/\/agora.xtec.cat\/ceipparealgue\/wp-content\/uploads\/usu157\/2025\/12\/COLLAGE-150x150.jpg 150w, https:\/\/agora.xtec.cat\/ceipparealgue\/wp-content\/uploads\/usu157\/2025\/12\/COLLAGE-768x768.jpg 768w\" sizes=\"auto, (max-width: 281px) 100vw, 281px\" \/><\/p>\n","protected":false},"excerpt":{"rendered":"<p>Hola fam\u00edlies,<br \/>\nDurant aquest trimestre hem treballant les frases fetes en catal\u00e0 d\u2019una manera divertida i creativa. A l\u2019aula hem apr\u00e8s qu\u00e8 s\u00f3n, qu\u00e8 signifiquen i en quines situacions es fan servir, descobrint aix\u00ed la riquesa i l\u2019expressivitat de la nostra llengua.<br \/>\nCom a activitat final,hem elaborat&hellip;  <a href=\"https:\/\/agora.xtec.cat\/ceipparealgue\/general\/treballem-la-llengua\/\" title=\"Read TREBALLEM  LA LLENGUA\">Llegeix m\u00e9s\u00bb<\/a><\/p>\n","protected":false},"author":50,"featured_media":0,"comment_status":"open","ping_status":"open","sticky":false,"template":"","format":"standard","meta":{"_bbp_topic_count":0,"_bbp_reply_count":0,"_bbp_total_topic_count":0,"_bbp_total_reply_count":0,"_bbp_voice_count":0,"_bbp_anonymous_reply_count":0,"_bbp_topic_count_hidden":0,"_bbp_reply_count_hidden":0,"_bbp_forum_subforum_count":0,"footnotes":""},"categories":[1,4,68],"tags":[100,92,93],"class_list":["post-6559","post","type-post","status-publish","format-standard","hentry","category-general","category-portada","category-68","tag-curs-25-26","tag-llengua","tag-tallers"],"post_mailing_queue_ids":[],"_links":{"self":[{"href":"https:\/\/agora.xtec.cat\/ceipparealgue\/wp-json\/wp\/v2\/posts\/6559","targetHints":{"allow":["GET"]}}],"collection":[{"href":"https:\/\/agora.xtec.cat\/ceipparealgue\/wp-json\/wp\/v2\/posts"}],"about":[{"href":"https:\/\/agora.xtec.cat\/ceipparealgue\/wp-json\/wp\/v2\/types\/post"}],"author":[{"embeddable":true,"href":"https:\/\/agora.xtec.cat\/ceipparealgue\/wp-json\/wp\/v2\/users\/50"}],"replies":[{"embeddable":true,"href":"https:\/\/agora.xtec.cat\/ceipparealgue\/wp-json\/wp\/v2\/comments?post=6559"}],"version-history":[{"count":6,"href":"https:\/\/agora.xtec.cat\/ceipparealgue\/wp-json\/wp\/v2\/posts\/6559\/revisions"}],"predecessor-version":[{"id":6567,"href":"https:\/\/agora.xtec.cat\/ceipparealgue\/wp-json\/wp\/v2\/posts\/6559\/revisions\/6567"}],"wp:attachment":[{"href":"https:\/\/agora.xtec.cat\/ceipparealgue\/wp-json\/wp\/v2\/media?parent=6559"}],"wp:term":[{"taxonomy":"category","embeddable":true,"href":"https:\/\/agora.xtec.cat\/ceipparealgue\/wp-json\/wp\/v2\/categories?post=6559"},{"taxonomy":"post_tag","embeddable":true,"href":"https:\/\/agora.xtec.cat\/ceipparealgue\/wp-json\/wp\/v2\/tags?post=6559"}],"curies":[{"name":"wp","href":"https:\/\/api.w.org\/{rel}","templated":true}]}}