{"id":6521,"date":"2025-12-11T12:33:26","date_gmt":"2025-12-11T11:33:26","guid":{"rendered":"https:\/\/agora.xtec.cat\/ceipparealgue\/?p=6521"},"modified":"2025-12-12T10:55:04","modified_gmt":"2025-12-12T09:55:04","slug":"bicicletada-4rt","status":"publish","type":"post","link":"https:\/\/agora.xtec.cat\/ceipparealgue\/primaria\/2016\/bicicletada-4rt\/","title":{"rendered":"Bicicletada 4rt"},"content":{"rendered":"<h1 style=\"text-align: center;\">Sortida al Congost \ud83d\udeb4\ud83d\udca8<\/h1>\n<p style=\"font-family: 'Helvetica Neue', Helvetica, Helvetica, Arial, sans-serif; font-size: 16px;\">El passat divendres dia 5 de desembre els alumnes\u00a0<a style=\"color: #2795b6;\" href=\"https:\/\/photos.app.goo.gl\/cojssSZdfuv7poT46\"><img loading=\"lazy\" decoding=\"async\" class=\"wp-image-6523 alignleft\" src=\"https:\/\/agora.xtec.cat\/ceipparealgue\/wp-content\/uploads\/usu157\/2025\/12\/Brown-Abstract-Aesthetic-Blank-A4-Document-Landscape-1024x724.jpg\" alt=\"\" width=\"458\" height=\"324\" srcset=\"https:\/\/agora.xtec.cat\/ceipparealgue\/wp-content\/uploads\/usu157\/2025\/12\/Brown-Abstract-Aesthetic-Blank-A4-Document-Landscape-1024x724.jpg 1024w, https:\/\/agora.xtec.cat\/ceipparealgue\/wp-content\/uploads\/usu157\/2025\/12\/Brown-Abstract-Aesthetic-Blank-A4-Document-Landscape-300x212.jpg 300w, https:\/\/agora.xtec.cat\/ceipparealgue\/wp-content\/uploads\/usu157\/2025\/12\/Brown-Abstract-Aesthetic-Blank-A4-Document-Landscape-768x543.jpg 768w, https:\/\/agora.xtec.cat\/ceipparealgue\/wp-content\/uploads\/usu157\/2025\/12\/Brown-Abstract-Aesthetic-Blank-A4-Document-Landscape-1536x1086.jpg 1536w, https:\/\/agora.xtec.cat\/ceipparealgue\/wp-content\/uploads\/usu157\/2025\/12\/Brown-Abstract-Aesthetic-Blank-A4-Document-Landscape.jpg 2000w\" sizes=\"auto, (max-width: 458px) 100vw, 458px\" \/><\/a><span style=\"font-family: inherit; font-size: 1em;\">de P4 del centre van canviar les aules i el gimn\u00e0s per l&#8217;aire lliure en una emocionant sortida en bicicleta fins al Congost. Aquesta activitat no nom\u00e9s va ser una manera de celebrar la finalitzaci\u00f3 de la unitat did\u00e0<\/span>ctica de Ciclisme i Educaci\u00f3 Vi\u00e0ria treballada a l&#8217;assignatura d&#8217;Educaci\u00f3 F\u00edsica, sin\u00f3 que va servir com a prova de foc per aplicar totes les t\u00e8cniques i habilitats apreses durant les sessions.<\/p>\n<p>&nbsp;<\/p>\n<p>&nbsp;<\/p>\n<p>&nbsp;<\/p>\n<pre><em>Per veure les imatges cliqueu a la foto.<\/em><\/pre>\n<p>&nbsp;<\/p>\n<p>&nbsp;<\/p>\n","protected":false},"excerpt":{"rendered":"<p>Sortida al Congost \ud83d\udeb4\ud83d\udca8<br \/>\nEl passat divendres dia 5 de desembre els alumnes\u00a0<a style=\"color: #2795b6;\" href=\"https:\/\/photos.app.goo.gl\/cojssSZdfuv7poT46\"><\/a>de P4 del centre van canviar les aules i el gimn\u00e0s per l&#8217;aire lliure en una emocionant sortida en bicicleta fins al Congost. Aquesta activitat no nom\u00e9s va ser una manera&hellip;  <a href=\"https:\/\/agora.xtec.cat\/ceipparealgue\/primaria\/2016\/bicicletada-4rt\/\" title=\"Read Bicicletada 4rt\">Llegeix m\u00e9s\u00bb<\/a><\/p>\n","protected":false},"author":1,"featured_media":6523,"comment_status":"open","ping_status":"open","sticky":false,"template":"","format":"standard","meta":{"_bbp_topic_count":0,"_bbp_reply_count":0,"_bbp_total_topic_count":0,"_bbp_total_reply_count":0,"_bbp_voice_count":0,"_bbp_anonymous_reply_count":0,"_bbp_topic_count_hidden":0,"_bbp_reply_count_hidden":0,"_bbp_forum_subforum_count":0,"footnotes":""},"categories":[105,63,3],"tags":[],"class_list":["post-6521","post","type-post","status-publish","format-standard","has-post-thumbnail","hentry","category-c-mitja","category-ef","category-3"],"post_mailing_queue_ids":[],"_links":{"self":[{"href":"https:\/\/agora.xtec.cat\/ceipparealgue\/wp-json\/wp\/v2\/posts\/6521","targetHints":{"allow":["GET"]}}],"collection":[{"href":"https:\/\/agora.xtec.cat\/ceipparealgue\/wp-json\/wp\/v2\/posts"}],"about":[{"href":"https:\/\/agora.xtec.cat\/ceipparealgue\/wp-json\/wp\/v2\/types\/post"}],"author":[{"embeddable":true,"href":"https:\/\/agora.xtec.cat\/ceipparealgue\/wp-json\/wp\/v2\/users\/1"}],"replies":[{"embeddable":true,"href":"https:\/\/agora.xtec.cat\/ceipparealgue\/wp-json\/wp\/v2\/comments?post=6521"}],"version-history":[{"count":4,"href":"https:\/\/agora.xtec.cat\/ceipparealgue\/wp-json\/wp\/v2\/posts\/6521\/revisions"}],"predecessor-version":[{"id":6545,"href":"https:\/\/agora.xtec.cat\/ceipparealgue\/wp-json\/wp\/v2\/posts\/6521\/revisions\/6545"}],"wp:featuredmedia":[{"embeddable":true,"href":"https:\/\/agora.xtec.cat\/ceipparealgue\/wp-json\/wp\/v2\/media\/6523"}],"wp:attachment":[{"href":"https:\/\/agora.xtec.cat\/ceipparealgue\/wp-json\/wp\/v2\/media?parent=6521"}],"wp:term":[{"taxonomy":"category","embeddable":true,"href":"https:\/\/agora.xtec.cat\/ceipparealgue\/wp-json\/wp\/v2\/categories?post=6521"},{"taxonomy":"post_tag","embeddable":true,"href":"https:\/\/agora.xtec.cat\/ceipparealgue\/wp-json\/wp\/v2\/tags?post=6521"}],"curies":[{"name":"wp","href":"https:\/\/api.w.org\/{rel}","templated":true}]}}