{"id":6505,"date":"2025-12-02T16:38:32","date_gmt":"2025-12-02T15:38:32","guid":{"rendered":"https:\/\/agora.xtec.cat\/ceipparealgue\/?p=6505"},"modified":"2025-12-02T17:16:23","modified_gmt":"2025-12-02T16:16:23","slug":"i4-i5-p1-el-conte-la-fada-balluerna","status":"publish","type":"post","link":"https:\/\/agora.xtec.cat\/ceipparealgue\/infantil\/i4-i5-p1-el-conte-la-fada-balluerna\/","title":{"rendered":"I4-I5-P1 EL CONTE: LA FADA BALLUERNA"},"content":{"rendered":"<p>Hola fam\u00edlies,<\/p>\n<p>Aquest dilluns ha vingut una noia a explicar-nos el conte de la Fada Balluerna. Hem anat a la biblioteca de l&#8217;escola els infants d&#8217;i4, i5 i P1, all\u00e0 ens han explicat la bonica hist\u00f2ria de la fada que enc\u00e9n els llums de Manresa. Per cert, ens han regalat el conte de la Fada Balluerna per poder-lo tenir a casa i llegir-lo amb tota la fam\u00edlia.<\/p>\n<p>Clicant la imatge ens podreu\u00a0<a href=\"https:\/\/photos.app.goo.gl\/o2LgH1oNNv9YLhCu6\"><img loading=\"lazy\" decoding=\"async\" class=\"alignleft\" src=\"https:\/\/estaticos-cdn.prensaiberica.es\/clip\/93f7479c-6cf0-4b30-8585-2e4b14380180_source-aspect-ratio_default_0.jpg\" alt=\"La fada Belluerna es presenta als infants de Manresa\" width=\"315\" height=\"177\" \/><\/a><span style=\"font-family: inherit;font-size: 1em\">veure a la biblioteca escoltant el conte.<\/span><\/p>\n<p>Podeu anar a veure la Fada Balluerna cada dia a la pla\u00e7a Sant Domenech a les 18h, del 1 al 24 de desembre.<\/p>\n<p>&nbsp;<\/p>\n<p>Fins la propera!<\/p>\n","protected":false},"excerpt":{"rendered":"<p>Hola fam\u00edlies,<br \/>\nAquest dilluns ha vingut una noia a explicar-nos el conte de la Fada Balluerna. Hem anat a la biblioteca de l&#8217;escola els infants d&#8217;i4, i5 i P1, all\u00e0 ens han explicat la bonica hist\u00f2ria de la fada que enc\u00e9n els llums de Manresa. Per&hellip;  <a href=\"https:\/\/agora.xtec.cat\/ceipparealgue\/infantil\/i4-i5-p1-el-conte-la-fada-balluerna\/\" title=\"Read I4-I5-P1 EL CONTE: LA FADA BALLUERNA\">Llegeix m\u00e9s\u00bb<\/a><\/p>\n","protected":false},"author":49,"featured_media":6508,"comment_status":"open","ping_status":"closed","sticky":false,"template":"","format":"standard","meta":{"_bbp_topic_count":0,"_bbp_reply_count":0,"_bbp_total_topic_count":0,"_bbp_total_reply_count":0,"_bbp_voice_count":0,"_bbp_anonymous_reply_count":0,"_bbp_topic_count_hidden":0,"_bbp_reply_count_hidden":0,"_bbp_forum_subforum_count":0,"footnotes":""},"categories":[2,4,73],"tags":[],"class_list":["post-6505","post","type-post","status-publish","format-standard","has-post-thumbnail","hentry","category-infantil","category-portada","category-promocio-2019"],"post_mailing_queue_ids":[],"_links":{"self":[{"href":"https:\/\/agora.xtec.cat\/ceipparealgue\/wp-json\/wp\/v2\/posts\/6505","targetHints":{"allow":["GET"]}}],"collection":[{"href":"https:\/\/agora.xtec.cat\/ceipparealgue\/wp-json\/wp\/v2\/posts"}],"about":[{"href":"https:\/\/agora.xtec.cat\/ceipparealgue\/wp-json\/wp\/v2\/types\/post"}],"author":[{"embeddable":true,"href":"https:\/\/agora.xtec.cat\/ceipparealgue\/wp-json\/wp\/v2\/users\/49"}],"replies":[{"embeddable":true,"href":"https:\/\/agora.xtec.cat\/ceipparealgue\/wp-json\/wp\/v2\/comments?post=6505"}],"version-history":[{"count":4,"href":"https:\/\/agora.xtec.cat\/ceipparealgue\/wp-json\/wp\/v2\/posts\/6505\/revisions"}],"predecessor-version":[{"id":6509,"href":"https:\/\/agora.xtec.cat\/ceipparealgue\/wp-json\/wp\/v2\/posts\/6505\/revisions\/6509"}],"wp:featuredmedia":[{"embeddable":true,"href":"https:\/\/agora.xtec.cat\/ceipparealgue\/wp-json\/wp\/v2\/media\/6508"}],"wp:attachment":[{"href":"https:\/\/agora.xtec.cat\/ceipparealgue\/wp-json\/wp\/v2\/media?parent=6505"}],"wp:term":[{"taxonomy":"category","embeddable":true,"href":"https:\/\/agora.xtec.cat\/ceipparealgue\/wp-json\/wp\/v2\/categories?post=6505"},{"taxonomy":"post_tag","embeddable":true,"href":"https:\/\/agora.xtec.cat\/ceipparealgue\/wp-json\/wp\/v2\/tags?post=6505"}],"curies":[{"name":"wp","href":"https:\/\/api.w.org\/{rel}","templated":true}]}}