{"id":6401,"date":"2025-10-30T20:01:21","date_gmt":"2025-10-30T19:01:21","guid":{"rendered":"https:\/\/agora.xtec.cat\/ceipparealgue\/?p=6401"},"modified":"2025-10-30T20:01:21","modified_gmt":"2025-10-30T19:01:21","slug":"celebrem-la-castanyada","status":"publish","type":"post","link":"https:\/\/agora.xtec.cat\/ceipparealgue\/general\/celebrem-la-castanyada\/","title":{"rendered":"Celebrem la Castanyada"},"content":{"rendered":"<h1><strong>\u00a0 \u00a0 \u00a0 \u00a0 \u00a0 \u00a0 \u00a0 \u00a0\ud83c\udf83 Celebrem la Castanyada! \ud83c\udf30<\/strong><\/h1>\n<p data-start=\"79\" data-end=\"114\">Avui a l\u2019escola hem <a href=\"https:\/\/photos.app.goo.gl\/uCwtcFwMHWLAGqfJ9\"><img loading=\"lazy\" decoding=\"async\" class=\"wp-image-6404 alignleft\" src=\"https:\/\/agora.xtec.cat\/ceipparealgue\/wp-content\/uploads\/usu157\/2025\/10\/Post-de-Instagram-Gaudeix-la-castanyada-Simple-Marron-1024x1024.jpg\" alt=\"\" width=\"362\" height=\"362\" srcset=\"https:\/\/agora.xtec.cat\/ceipparealgue\/wp-content\/uploads\/usu157\/2025\/10\/Post-de-Instagram-Gaudeix-la-castanyada-Simple-Marron-1024x1024.jpg 1024w, https:\/\/agora.xtec.cat\/ceipparealgue\/wp-content\/uploads\/usu157\/2025\/10\/Post-de-Instagram-Gaudeix-la-castanyada-Simple-Marron-300x300.jpg 300w, https:\/\/agora.xtec.cat\/ceipparealgue\/wp-content\/uploads\/usu157\/2025\/10\/Post-de-Instagram-Gaudeix-la-castanyada-Simple-Marron-150x150.jpg 150w, https:\/\/agora.xtec.cat\/ceipparealgue\/wp-content\/uploads\/usu157\/2025\/10\/Post-de-Instagram-Gaudeix-la-castanyada-Simple-Marron-768x768.jpg 768w, https:\/\/agora.xtec.cat\/ceipparealgue\/wp-content\/uploads\/usu157\/2025\/10\/Post-de-Instagram-Gaudeix-la-castanyada-Simple-Marron.jpg 1080w\" sizes=\"auto, (max-width: 362px) 100vw, 362px\" \/><\/a>celebrat <strong data-start=\"145\" data-end=\"162\">la Castanyada<\/strong> i ens ho hem passat d\u2019all\u00f2 m\u00e9s b\u00e9! Hem ballat, cantat i gaudit molt d\u2019aquesta festa tan nostra. No han faltat les <strong data-start=\"277\" data-end=\"303\">castanyes ben torrades<\/strong>, que hem menjat amb ganes i alegria.<\/p>\n<p data-start=\"344\" data-end=\"595\">Volem <strong data-start=\"350\" data-end=\"404\">agrair de tot cor la col\u00b7laboraci\u00f3 de les fam\u00edlies<\/strong>, que ens han ajudat en l\u2019organitzaci\u00f3 i tamb\u00e9 han vingut a compartir amb nosaltres aquest dia tan especial. Gr\u00e0cies per la vostra pres\u00e8ncia.<\/p>\n<p data-start=\"597\" data-end=\"646\">Fins l\u2019any vinent, castanyers i castanyeres! \ud83c\udf41<\/p>\n<pre data-start=\"597\" data-end=\"646\"><em>\r\n\r\n\r\n\r\n\r\n\r\n\r\nPodeu veure les fotos fent CLIC a la imatge.<\/em><\/pre>\n<p>&nbsp;<\/p>\n","protected":false},"excerpt":{"rendered":"<p>\u00a0 \u00a0 \u00a0 \u00a0 \u00a0 \u00a0 \u00a0 \u00a0\ud83c\udf83 Celebrem la Castanyada! \ud83c\udf30<br \/>\nAvui a l\u2019escola hem <a href=\"https:\/\/photos.app.goo.gl\/uCwtcFwMHWLAGqfJ9\"><\/a>celebrat la Castanyada i ens ho hem passat d\u2019all\u00f2 m\u00e9s b\u00e9! Hem ballat, cantat i gaudit molt d\u2019aquesta festa tan nostra. No han faltat les castanyes ben torrades, que&hellip;  <a href=\"https:\/\/agora.xtec.cat\/ceipparealgue\/general\/celebrem-la-castanyada\/\" title=\"Read Celebrem la Castanyada\">Llegeix m\u00e9s\u00bb<\/a><\/p>\n","protected":false},"author":1,"featured_media":0,"comment_status":"open","ping_status":"open","sticky":false,"template":"","format":"standard","meta":{"_bbp_topic_count":0,"_bbp_reply_count":0,"_bbp_total_topic_count":0,"_bbp_total_reply_count":0,"_bbp_voice_count":0,"_bbp_anonymous_reply_count":0,"_bbp_topic_count_hidden":0,"_bbp_reply_count_hidden":0,"_bbp_forum_subforum_count":0,"footnotes":""},"categories":[7,1,4],"tags":[],"class_list":["post-6401","post","type-post","status-publish","format-standard","hentry","category-ampa","category-general","category-portada"],"post_mailing_queue_ids":[],"_links":{"self":[{"href":"https:\/\/agora.xtec.cat\/ceipparealgue\/wp-json\/wp\/v2\/posts\/6401","targetHints":{"allow":["GET"]}}],"collection":[{"href":"https:\/\/agora.xtec.cat\/ceipparealgue\/wp-json\/wp\/v2\/posts"}],"about":[{"href":"https:\/\/agora.xtec.cat\/ceipparealgue\/wp-json\/wp\/v2\/types\/post"}],"author":[{"embeddable":true,"href":"https:\/\/agora.xtec.cat\/ceipparealgue\/wp-json\/wp\/v2\/users\/1"}],"replies":[{"embeddable":true,"href":"https:\/\/agora.xtec.cat\/ceipparealgue\/wp-json\/wp\/v2\/comments?post=6401"}],"version-history":[{"count":6,"href":"https:\/\/agora.xtec.cat\/ceipparealgue\/wp-json\/wp\/v2\/posts\/6401\/revisions"}],"predecessor-version":[{"id":6413,"href":"https:\/\/agora.xtec.cat\/ceipparealgue\/wp-json\/wp\/v2\/posts\/6401\/revisions\/6413"}],"wp:attachment":[{"href":"https:\/\/agora.xtec.cat\/ceipparealgue\/wp-json\/wp\/v2\/media?parent=6401"}],"wp:term":[{"taxonomy":"category","embeddable":true,"href":"https:\/\/agora.xtec.cat\/ceipparealgue\/wp-json\/wp\/v2\/categories?post=6401"},{"taxonomy":"post_tag","embeddable":true,"href":"https:\/\/agora.xtec.cat\/ceipparealgue\/wp-json\/wp\/v2\/tags?post=6401"}],"curies":[{"name":"wp","href":"https:\/\/api.w.org\/{rel}","templated":true}]}}