{"id":6388,"date":"2025-10-13T08:20:28","date_gmt":"2025-10-13T06:20:28","guid":{"rendered":"https:\/\/agora.xtec.cat\/ceipparealgue\/?p=6388"},"modified":"2025-10-15T07:59:22","modified_gmt":"2025-10-15T05:59:22","slug":"__trashed-4","status":"publish","type":"post","link":"https:\/\/agora.xtec.cat\/ceipparealgue\/general\/__trashed-4\/","title":{"rendered":"EL M\u00d3N VERD"},"content":{"rendered":"<p>Hola fam\u00edlies,<\/p>\n<p style=\"text-align: justify\">Qu\u00e8 necessita una planta per poder viure? Una planta pot viure sense terra? Per qu\u00e8 s\u00f3n importants?<\/p>\n<p style=\"text-align: justify\">Aquestes s\u00f3n algunes de les preguntes que ens vam plantejar, per aix\u00f2 realitzarem una s\u00e8rie d&#8217;experiments i observacions per veure el comportament de les plantes, alhora que anirem aprenent algunes de les seves curiositats i caracter\u00edstiques. No seran experiments en les que els resultats siguin immediats sin\u00f3 que seran activitats en qu\u00e8 hauran d&#8217;observar els canvis dia a dia.<\/p>\n<p style=\"text-align: justify\">El primer que hem fet ha estat la plantaci\u00f3 de diferents llegums i completar un full d&#8217;observaci\u00f3\u00a0 mesurant el creixement d\u2019aquesta planta i explicant per a qu\u00e8 li serveix a la planta totes les seves parts. Si cliqueu sobre la Ia imatge podreu veure el proc\u00e9s.<\/p>\n<p><a href=\"https:\/\/photos.app.goo.gl\/VMMNHc79c8hm6Y4a9\"><img loading=\"lazy\" decoding=\"async\" class=\" wp-image-6392 aligncenter\" src=\"https:\/\/agora.xtec.cat\/ceipparealgue\/wp-content\/uploads\/usu157\/2025\/10\/IMG_2827-rotated.jpg\" alt=\"\" width=\"219\" height=\"292\" srcset=\"https:\/\/agora.xtec.cat\/ceipparealgue\/wp-content\/uploads\/usu157\/2025\/10\/IMG_2827-rotated.jpg 240w, https:\/\/agora.xtec.cat\/ceipparealgue\/wp-content\/uploads\/usu157\/2025\/10\/IMG_2827-225x300.jpg 225w\" sizes=\"auto, (max-width: 219px) 100vw, 219px\" \/><\/a><\/p>\n<p>&nbsp;<\/p>\n","protected":false},"excerpt":{"rendered":"<p>Hola fam\u00edlies,<br \/>\nQu\u00e8 necessita una planta per poder viure? Una planta pot viure sense terra? Per qu\u00e8 s\u00f3n importants?<br \/>\nAquestes s\u00f3n algunes de les preguntes que ens vam plantejar, per aix\u00f2 realitzarem una s\u00e8rie d&#8217;experiments i observacions per veure el comportament de les plantes, alhora que anirem&hellip;  <a href=\"https:\/\/agora.xtec.cat\/ceipparealgue\/general\/__trashed-4\/\" title=\"Read EL M\u00d3N VERD\">Llegeix m\u00e9s\u00bb<\/a><\/p>\n","protected":false},"author":50,"featured_media":0,"comment_status":"open","ping_status":"open","sticky":false,"template":"","format":"standard","meta":{"_bbp_topic_count":0,"_bbp_reply_count":0,"_bbp_total_topic_count":0,"_bbp_total_reply_count":0,"_bbp_voice_count":0,"_bbp_anonymous_reply_count":0,"_bbp_topic_count_hidden":0,"_bbp_reply_count_hidden":0,"_bbp_forum_subforum_count":0,"footnotes":""},"categories":[1,4,68],"tags":[100,67],"class_list":["post-6388","post","type-post","status-publish","format-standard","hentry","category-general","category-portada","category-68","tag-curs-25-26","tag-projectes"],"post_mailing_queue_ids":[],"_links":{"self":[{"href":"https:\/\/agora.xtec.cat\/ceipparealgue\/wp-json\/wp\/v2\/posts\/6388","targetHints":{"allow":["GET"]}}],"collection":[{"href":"https:\/\/agora.xtec.cat\/ceipparealgue\/wp-json\/wp\/v2\/posts"}],"about":[{"href":"https:\/\/agora.xtec.cat\/ceipparealgue\/wp-json\/wp\/v2\/types\/post"}],"author":[{"embeddable":true,"href":"https:\/\/agora.xtec.cat\/ceipparealgue\/wp-json\/wp\/v2\/users\/50"}],"replies":[{"embeddable":true,"href":"https:\/\/agora.xtec.cat\/ceipparealgue\/wp-json\/wp\/v2\/comments?post=6388"}],"version-history":[{"count":6,"href":"https:\/\/agora.xtec.cat\/ceipparealgue\/wp-json\/wp\/v2\/posts\/6388\/revisions"}],"predecessor-version":[{"id":6395,"href":"https:\/\/agora.xtec.cat\/ceipparealgue\/wp-json\/wp\/v2\/posts\/6388\/revisions\/6395"}],"wp:attachment":[{"href":"https:\/\/agora.xtec.cat\/ceipparealgue\/wp-json\/wp\/v2\/media?parent=6388"}],"wp:term":[{"taxonomy":"category","embeddable":true,"href":"https:\/\/agora.xtec.cat\/ceipparealgue\/wp-json\/wp\/v2\/categories?post=6388"},{"taxonomy":"post_tag","embeddable":true,"href":"https:\/\/agora.xtec.cat\/ceipparealgue\/wp-json\/wp\/v2\/tags?post=6388"}],"curies":[{"name":"wp","href":"https:\/\/api.w.org\/{rel}","templated":true}]}}