{"id":6333,"date":"2025-06-19T15:04:56","date_gmt":"2025-06-19T13:04:56","guid":{"rendered":"https:\/\/agora.xtec.cat\/ceipparealgue\/?p=6333"},"modified":"2025-06-19T15:05:29","modified_gmt":"2025-06-19T13:05:29","slug":"comiat-de-6e-2","status":"publish","type":"post","link":"https:\/\/agora.xtec.cat\/ceipparealgue\/general\/comiat-de-6e-2\/","title":{"rendered":"COMIAT DE 6\u00e8"},"content":{"rendered":"<p>Avui hem viscut una jornada molt especial!<\/p>\n<p>L&#8217;alumat de l&#8217;escola ha realitzat petites representacions musicals, dedicades als nens i nenes de 6\u00e8, per tal d&#8217;acomiadar-los com es mereixen, amb molt d&#8217;amor i alegria. La colla de 6\u00e8 tamb\u00e9 ha cantat una can\u00e7\u00f3 de la Cant\u00e0nia i ha dedicat unes paraules a tothom. El discurs de l&#8217;Aida, la tutora de 6\u00e8, ha estat el moment m\u00e9s emotiu de la jornada.<\/p>\n<p>Us deixem unes fotos a continuaci\u00f3:<\/p>\n<p><a href=\"https:\/\/photos.app.goo.gl\/L6PfDEksDPxz9PLW6\"><img loading=\"lazy\" decoding=\"async\" class=\"alignnone size-large wp-image-6334\" src=\"https:\/\/agora.xtec.cat\/ceipparealgue\/wp-content\/uploads\/usu157\/2025\/06\/3b23c8c6-1984-4546-b92b-411da10cb572-1024x771.jpg\" alt=\"\" width=\"1024\" height=\"771\" srcset=\"https:\/\/agora.xtec.cat\/ceipparealgue\/wp-content\/uploads\/usu157\/2025\/06\/3b23c8c6-1984-4546-b92b-411da10cb572-1024x771.jpg 1024w, https:\/\/agora.xtec.cat\/ceipparealgue\/wp-content\/uploads\/usu157\/2025\/06\/3b23c8c6-1984-4546-b92b-411da10cb572-300x226.jpg 300w, https:\/\/agora.xtec.cat\/ceipparealgue\/wp-content\/uploads\/usu157\/2025\/06\/3b23c8c6-1984-4546-b92b-411da10cb572-768x578.jpg 768w, https:\/\/agora.xtec.cat\/ceipparealgue\/wp-content\/uploads\/usu157\/2025\/06\/3b23c8c6-1984-4546-b92b-411da10cb572-1536x1156.jpg 1536w, https:\/\/agora.xtec.cat\/ceipparealgue\/wp-content\/uploads\/usu157\/2025\/06\/3b23c8c6-1984-4546-b92b-411da10cb572-200x150.jpg 200w, https:\/\/agora.xtec.cat\/ceipparealgue\/wp-content\/uploads\/usu157\/2025\/06\/3b23c8c6-1984-4546-b92b-411da10cb572.jpg 1600w\" sizes=\"auto, (max-width: 1024px) 100vw, 1024px\" \/><\/a><\/p>\n<p>&nbsp;<\/p>\n<p>&nbsp;<\/p>\n","protected":false},"excerpt":{"rendered":"<p>Avui hem viscut una jornada molt especial!<br \/>\nL&#8217;alumat de l&#8217;escola ha realitzat petites representacions musicals, dedicades als nens i nenes de 6\u00e8, per tal d&#8217;acomiadar-los com es mereixen, amb molt d&#8217;amor i alegria. La colla de 6\u00e8 tamb\u00e9 ha cantat una can\u00e7\u00f3 de la Cant\u00e0nia i&hellip;  <a href=\"https:\/\/agora.xtec.cat\/ceipparealgue\/general\/comiat-de-6e-2\/\" title=\"Read COMIAT DE 6\u00e8\">Llegeix m\u00e9s\u00bb<\/a><\/p>\n","protected":false},"author":1,"featured_media":0,"comment_status":"open","ping_status":"open","sticky":false,"template":"","format":"standard","meta":{"_bbp_topic_count":0,"_bbp_reply_count":0,"_bbp_total_topic_count":0,"_bbp_total_reply_count":0,"_bbp_voice_count":0,"_bbp_anonymous_reply_count":0,"_bbp_topic_count_hidden":0,"_bbp_reply_count_hidden":0,"_bbp_forum_subforum_count":0,"footnotes":""},"categories":[1,4],"tags":[],"class_list":["post-6333","post","type-post","status-publish","format-standard","hentry","category-general","category-portada"],"post_mailing_queue_ids":[],"_links":{"self":[{"href":"https:\/\/agora.xtec.cat\/ceipparealgue\/wp-json\/wp\/v2\/posts\/6333","targetHints":{"allow":["GET"]}}],"collection":[{"href":"https:\/\/agora.xtec.cat\/ceipparealgue\/wp-json\/wp\/v2\/posts"}],"about":[{"href":"https:\/\/agora.xtec.cat\/ceipparealgue\/wp-json\/wp\/v2\/types\/post"}],"author":[{"embeddable":true,"href":"https:\/\/agora.xtec.cat\/ceipparealgue\/wp-json\/wp\/v2\/users\/1"}],"replies":[{"embeddable":true,"href":"https:\/\/agora.xtec.cat\/ceipparealgue\/wp-json\/wp\/v2\/comments?post=6333"}],"version-history":[{"count":2,"href":"https:\/\/agora.xtec.cat\/ceipparealgue\/wp-json\/wp\/v2\/posts\/6333\/revisions"}],"predecessor-version":[{"id":6336,"href":"https:\/\/agora.xtec.cat\/ceipparealgue\/wp-json\/wp\/v2\/posts\/6333\/revisions\/6336"}],"wp:attachment":[{"href":"https:\/\/agora.xtec.cat\/ceipparealgue\/wp-json\/wp\/v2\/media?parent=6333"}],"wp:term":[{"taxonomy":"category","embeddable":true,"href":"https:\/\/agora.xtec.cat\/ceipparealgue\/wp-json\/wp\/v2\/categories?post=6333"},{"taxonomy":"post_tag","embeddable":true,"href":"https:\/\/agora.xtec.cat\/ceipparealgue\/wp-json\/wp\/v2\/tags?post=6333"}],"curies":[{"name":"wp","href":"https:\/\/api.w.org\/{rel}","templated":true}]}}