{"id":6309,"date":"2025-06-12T17:26:44","date_gmt":"2025-06-12T15:26:44","guid":{"rendered":"https:\/\/agora.xtec.cat\/ceipparealgue\/?p=6309"},"modified":"2025-06-12T17:26:44","modified_gmt":"2025-06-12T15:26:44","slug":"sortida-al-parc-de-lagulla-i3-i4-i-i5","status":"publish","type":"post","link":"https:\/\/agora.xtec.cat\/ceipparealgue\/portada\/sortida-al-parc-de-lagulla-i3-i4-i-i5\/","title":{"rendered":"SORTIDA AL PARC DE L&#8217;AGULLA &#8211; I3, I4 i I5"},"content":{"rendered":"<p>Hola fam\u00edlies,<\/p>\n<p>Els alumnes d&#8217;infantil vam anar al Parc de l&#8217;Agulla a gaudir d&#8217;un dia de natura i jocs. Vam poder jugar al parc, vam buscar insectes, vam esmorzar tots junts i vam poder visitar el llac i els \u00e0necs. \u00c9s un parc que tenim a pocs minuts en autob\u00fas de l&#8217;escola i que \u00e9s un espai gran i verd on passar-ho b\u00e9 i estar en contacte amb el bosc. \u00das animem a anar-hi.<\/p>\n<p>Clicant la foto podreu veure totes les imatges:<\/p>\n<p><a href=\"https:\/\/photos.app.goo.gl\/fBwWNgiM3ZUwGPF38\"><img loading=\"lazy\" decoding=\"async\" class=\"alignnone size-full wp-image-6310\" src=\"https:\/\/agora.xtec.cat\/ceipparealgue\/wp-content\/uploads\/usu157\/2025\/06\/IMG_48F748FFEB1A-1.jpeg\" alt=\"\" width=\"425\" height=\"425\" srcset=\"https:\/\/agora.xtec.cat\/ceipparealgue\/wp-content\/uploads\/usu157\/2025\/06\/IMG_48F748FFEB1A-1.jpeg 425w, https:\/\/agora.xtec.cat\/ceipparealgue\/wp-content\/uploads\/usu157\/2025\/06\/IMG_48F748FFEB1A-1-300x300.jpeg 300w, https:\/\/agora.xtec.cat\/ceipparealgue\/wp-content\/uploads\/usu157\/2025\/06\/IMG_48F748FFEB1A-1-150x150.jpeg 150w\" sizes=\"auto, (max-width: 425px) 100vw, 425px\" \/><\/a><\/p>\n<p>&nbsp;<\/p>\n<p>&nbsp;<\/p>\n<p>Fins la propera,<\/p>\n<p>Les mestres d&#8217;infantil.<\/p>\n","protected":false},"excerpt":{"rendered":"<p>Hola fam\u00edlies,<br \/>\nEls alumnes d&#8217;infantil vam anar al Parc de l&#8217;Agulla a gaudir d&#8217;un dia de natura i jocs. Vam poder jugar al parc, vam buscar insectes, vam esmorzar tots junts i vam poder visitar el llac i els \u00e0necs. \u00c9s un parc que tenim a&hellip;  <a href=\"https:\/\/agora.xtec.cat\/ceipparealgue\/portada\/sortida-al-parc-de-lagulla-i3-i4-i-i5\/\" title=\"Read SORTIDA AL PARC DE L&#8217;AGULLA &#8211; I3, I4 i I5\">Llegeix m\u00e9s\u00bb<\/a><\/p>\n","protected":false},"author":49,"featured_media":6310,"comment_status":"open","ping_status":"open","sticky":false,"template":"","format":"standard","meta":{"_bbp_topic_count":0,"_bbp_reply_count":0,"_bbp_total_topic_count":0,"_bbp_total_reply_count":0,"_bbp_voice_count":0,"_bbp_anonymous_reply_count":0,"_bbp_topic_count_hidden":0,"_bbp_reply_count_hidden":0,"_bbp_forum_subforum_count":0,"footnotes":""},"categories":[4,73,81,83],"tags":[],"class_list":["post-6309","post","type-post","status-publish","format-standard","has-post-thumbnail","hentry","category-portada","category-promocio-2019","category-promocio-2020-i3","category-83"],"post_mailing_queue_ids":[],"_links":{"self":[{"href":"https:\/\/agora.xtec.cat\/ceipparealgue\/wp-json\/wp\/v2\/posts\/6309","targetHints":{"allow":["GET"]}}],"collection":[{"href":"https:\/\/agora.xtec.cat\/ceipparealgue\/wp-json\/wp\/v2\/posts"}],"about":[{"href":"https:\/\/agora.xtec.cat\/ceipparealgue\/wp-json\/wp\/v2\/types\/post"}],"author":[{"embeddable":true,"href":"https:\/\/agora.xtec.cat\/ceipparealgue\/wp-json\/wp\/v2\/users\/49"}],"replies":[{"embeddable":true,"href":"https:\/\/agora.xtec.cat\/ceipparealgue\/wp-json\/wp\/v2\/comments?post=6309"}],"version-history":[{"count":2,"href":"https:\/\/agora.xtec.cat\/ceipparealgue\/wp-json\/wp\/v2\/posts\/6309\/revisions"}],"predecessor-version":[{"id":6312,"href":"https:\/\/agora.xtec.cat\/ceipparealgue\/wp-json\/wp\/v2\/posts\/6309\/revisions\/6312"}],"wp:featuredmedia":[{"embeddable":true,"href":"https:\/\/agora.xtec.cat\/ceipparealgue\/wp-json\/wp\/v2\/media\/6310"}],"wp:attachment":[{"href":"https:\/\/agora.xtec.cat\/ceipparealgue\/wp-json\/wp\/v2\/media?parent=6309"}],"wp:term":[{"taxonomy":"category","embeddable":true,"href":"https:\/\/agora.xtec.cat\/ceipparealgue\/wp-json\/wp\/v2\/categories?post=6309"},{"taxonomy":"post_tag","embeddable":true,"href":"https:\/\/agora.xtec.cat\/ceipparealgue\/wp-json\/wp\/v2\/tags?post=6309"}],"curies":[{"name":"wp","href":"https:\/\/api.w.org\/{rel}","templated":true}]}}