{"id":6305,"date":"2025-06-09T16:43:28","date_gmt":"2025-06-09T14:43:28","guid":{"rendered":"https:\/\/agora.xtec.cat\/ceipparealgue\/?p=6305"},"modified":"2025-06-09T16:43:28","modified_gmt":"2025-06-09T14:43:28","slug":"toca-toca-classe-de-p5","status":"publish","type":"post","link":"https:\/\/agora.xtec.cat\/ceipparealgue\/general\/toca-toca-classe-de-p5\/","title":{"rendered":"TOCA-TOCA CLASSE DE P5"},"content":{"rendered":"<p>Bona tarda a tothom!<\/p>\n<p>El passat dijous dia 5 de juny, l&#8217;alumnat de P5 va realitzar a la Pla\u00e7a Sant Dom\u00e8nec de Manresa la mostra del projecte de percussi\u00f3 corporal i dansa que han treballat durant aquest curs a l&#8217;\u00e0rea de m\u00fasica: el Toca-toca. \u00c9s una activitat dissenyada pel Santi Serratosa i organitzada per la Casa de la M\u00fasica. L&#8217;alumnat, amb l&#8217;acompanyament i guiatge de la mestra de m\u00fasica de l&#8217;escola, ho va fer genial! A m\u00e9s, van participar amb una altra escola, fent del projecte un espectacle musical extraordinari. A continuaci\u00f3, podeu veure algunes imatges i els v\u00eddeos de les diferents can\u00e7ons. Nois i noies, us felicitem per la feina ben feta!<\/p>\n<p><a href=\"https:\/\/photos.app.goo.gl\/N31YNqT9K7cntAjy6\">TOCA-TOCA P5<\/a><\/p>\n<p>&nbsp;<\/p>\n","protected":false},"excerpt":{"rendered":"<p>Bona tarda a tothom!<br \/>\nEl passat dijous dia 5 de juny, l&#8217;alumnat de P5 va realitzar a la Pla\u00e7a Sant Dom\u00e8nec de Manresa la mostra del projecte de percussi\u00f3 corporal i dansa que han treballat durant aquest curs a l&#8217;\u00e0rea de m\u00fasica: el Toca-toca. \u00c9s una&hellip;  <a href=\"https:\/\/agora.xtec.cat\/ceipparealgue\/general\/toca-toca-classe-de-p5\/\" title=\"Read TOCA-TOCA CLASSE DE P5\">Llegeix m\u00e9s\u00bb<\/a><\/p>\n","protected":false},"author":52,"featured_media":0,"comment_status":"open","ping_status":"open","sticky":false,"template":"","format":"standard","meta":{"_bbp_topic_count":0,"_bbp_reply_count":0,"_bbp_total_topic_count":0,"_bbp_total_reply_count":0,"_bbp_voice_count":0,"_bbp_anonymous_reply_count":0,"_bbp_topic_count_hidden":0,"_bbp_reply_count_hidden":0,"_bbp_forum_subforum_count":0,"footnotes":""},"categories":[1,4,5,9],"tags":[],"class_list":["post-6305","post","type-post","status-publish","format-standard","hentry","category-general","category-portada","category-primaria","category-9"],"post_mailing_queue_ids":[],"_links":{"self":[{"href":"https:\/\/agora.xtec.cat\/ceipparealgue\/wp-json\/wp\/v2\/posts\/6305","targetHints":{"allow":["GET"]}}],"collection":[{"href":"https:\/\/agora.xtec.cat\/ceipparealgue\/wp-json\/wp\/v2\/posts"}],"about":[{"href":"https:\/\/agora.xtec.cat\/ceipparealgue\/wp-json\/wp\/v2\/types\/post"}],"author":[{"embeddable":true,"href":"https:\/\/agora.xtec.cat\/ceipparealgue\/wp-json\/wp\/v2\/users\/52"}],"replies":[{"embeddable":true,"href":"https:\/\/agora.xtec.cat\/ceipparealgue\/wp-json\/wp\/v2\/comments?post=6305"}],"version-history":[{"count":1,"href":"https:\/\/agora.xtec.cat\/ceipparealgue\/wp-json\/wp\/v2\/posts\/6305\/revisions"}],"predecessor-version":[{"id":6306,"href":"https:\/\/agora.xtec.cat\/ceipparealgue\/wp-json\/wp\/v2\/posts\/6305\/revisions\/6306"}],"wp:attachment":[{"href":"https:\/\/agora.xtec.cat\/ceipparealgue\/wp-json\/wp\/v2\/media?parent=6305"}],"wp:term":[{"taxonomy":"category","embeddable":true,"href":"https:\/\/agora.xtec.cat\/ceipparealgue\/wp-json\/wp\/v2\/categories?post=6305"},{"taxonomy":"post_tag","embeddable":true,"href":"https:\/\/agora.xtec.cat\/ceipparealgue\/wp-json\/wp\/v2\/tags?post=6305"}],"curies":[{"name":"wp","href":"https:\/\/api.w.org\/{rel}","templated":true}]}}