{"id":6284,"date":"2025-05-20T16:16:21","date_gmt":"2025-05-20T14:16:21","guid":{"rendered":"https:\/\/agora.xtec.cat\/ceipparealgue\/?p=6284"},"modified":"2025-05-20T16:16:21","modified_gmt":"2025-05-20T14:16:21","slug":"visita-de-lautora-eulalia-canal-a-p3-i-p4","status":"publish","type":"post","link":"https:\/\/agora.xtec.cat\/ceipparealgue\/general\/visita-de-lautora-eulalia-canal-a-p3-i-p4\/","title":{"rendered":"VISITA DE L&#8217;AUTORA EUL\u00c0LIA CANAL A P3 i P4"},"content":{"rendered":"<p>Ahir ens va venir a visitar a l&#8217;escola l&#8217;escriptora Eul\u00e0lia Canal, coincidint amb la lectura a la classe del seu llibre: &#8220;Un somni dins el mitj\u00f3&#8221;, que ens explica com la Naima, que \u00e9s una nena que espera anar de vacances amb els seus pares per\u00f2 que la mare no t\u00e9 temps, coneix a una tortuga en el seus somnis i fa molts descobriments.<\/p>\n<p>Ha estat una visita molt interessant en la que l&#8217;autora ens ha explicat quin proc\u00e9s segueix per escriure i ens ha contestat tots els dubtes que ten\u00edem sobre ella i el seu llibre.<\/p>\n<p>Si voleu veure alguns moments d&#8217;aquesta activitat, podeu clicar a la imatge seg\u00fcent:<\/p>\n<p><a href=\"https:\/\/photos.app.goo.gl\/R1iYYxgT61UcfSey5\"><img loading=\"lazy\" decoding=\"async\" class=\"wp-image-6287 aligncenter\" src=\"https:\/\/agora.xtec.cat\/ceipparealgue\/wp-content\/uploads\/usu157\/2025\/05\/Portada-llibre.jpg\" alt=\"\" width=\"210\" height=\"333\" srcset=\"https:\/\/agora.xtec.cat\/ceipparealgue\/wp-content\/uploads\/usu157\/2025\/05\/Portada-llibre.jpg 384w, https:\/\/agora.xtec.cat\/ceipparealgue\/wp-content\/uploads\/usu157\/2025\/05\/Portada-llibre-189x300.jpg 189w\" sizes=\"auto, (max-width: 210px) 100vw, 210px\" \/><\/a><\/p>\n","protected":false},"excerpt":{"rendered":"<p>Ahir ens va venir a visitar a l&#8217;escola l&#8217;escriptora Eul\u00e0lia Canal, coincidint amb la lectura a la classe del seu llibre: &#8220;Un somni dins el mitj\u00f3&#8221;, que ens explica com la Naima, que \u00e9s una nena que espera anar de vacances amb els seus pares&hellip;  <a href=\"https:\/\/agora.xtec.cat\/ceipparealgue\/general\/visita-de-lautora-eulalia-canal-a-p3-i-p4\/\" title=\"Read VISITA DE L&#8217;AUTORA EUL\u00c0LIA CANAL A P3 i P4\">Llegeix m\u00e9s\u00bb<\/a><\/p>\n","protected":false},"author":51,"featured_media":0,"comment_status":"open","ping_status":"closed","sticky":false,"template":"","format":"standard","meta":{"_bbp_topic_count":0,"_bbp_reply_count":0,"_bbp_total_topic_count":0,"_bbp_total_reply_count":0,"_bbp_voice_count":0,"_bbp_anonymous_reply_count":0,"_bbp_topic_count_hidden":0,"_bbp_reply_count_hidden":0,"_bbp_forum_subforum_count":0,"footnotes":""},"categories":[1,4,5,8,3],"tags":[],"class_list":["post-6284","post","type-post","status-publish","format-standard","hentry","category-general","category-portada","category-primaria","category-8","category-3"],"post_mailing_queue_ids":[],"_links":{"self":[{"href":"https:\/\/agora.xtec.cat\/ceipparealgue\/wp-json\/wp\/v2\/posts\/6284","targetHints":{"allow":["GET"]}}],"collection":[{"href":"https:\/\/agora.xtec.cat\/ceipparealgue\/wp-json\/wp\/v2\/posts"}],"about":[{"href":"https:\/\/agora.xtec.cat\/ceipparealgue\/wp-json\/wp\/v2\/types\/post"}],"author":[{"embeddable":true,"href":"https:\/\/agora.xtec.cat\/ceipparealgue\/wp-json\/wp\/v2\/users\/51"}],"replies":[{"embeddable":true,"href":"https:\/\/agora.xtec.cat\/ceipparealgue\/wp-json\/wp\/v2\/comments?post=6284"}],"version-history":[{"count":6,"href":"https:\/\/agora.xtec.cat\/ceipparealgue\/wp-json\/wp\/v2\/posts\/6284\/revisions"}],"predecessor-version":[{"id":6291,"href":"https:\/\/agora.xtec.cat\/ceipparealgue\/wp-json\/wp\/v2\/posts\/6284\/revisions\/6291"}],"wp:attachment":[{"href":"https:\/\/agora.xtec.cat\/ceipparealgue\/wp-json\/wp\/v2\/media?parent=6284"}],"wp:term":[{"taxonomy":"category","embeddable":true,"href":"https:\/\/agora.xtec.cat\/ceipparealgue\/wp-json\/wp\/v2\/categories?post=6284"},{"taxonomy":"post_tag","embeddable":true,"href":"https:\/\/agora.xtec.cat\/ceipparealgue\/wp-json\/wp\/v2\/tags?post=6284"}],"curies":[{"name":"wp","href":"https:\/\/api.w.org\/{rel}","templated":true}]}}