{"id":6254,"date":"2025-05-14T15:29:31","date_gmt":"2025-05-14T13:29:31","guid":{"rendered":"https:\/\/agora.xtec.cat\/ceipparealgue\/?p=6254"},"modified":"2025-05-14T15:33:44","modified_gmt":"2025-05-14T13:33:44","slug":"patuflash","status":"publish","type":"post","link":"https:\/\/agora.xtec.cat\/ceipparealgue\/general\/patuflash\/","title":{"rendered":"Patuflash!"},"content":{"rendered":"<p><span style=\"font-weight: 400\">Hola fam\u00edlies,<\/span><\/p>\n<p><span style=\"font-weight: 400\">el passat divendres 9 de maig els infants de Cicle Inicial vam actuar al teatre Kursaal fent l\u2019espectacle del conte del Patuflash, un nen petit que viu a l\u2019espai exterior i que, juntament amb el seu amic RUC, viu una aventura inoblidable.\u00a0<\/span><\/p>\n<p><span style=\"font-weight: 400\">Des del mes de gener a m\u00fasica hem estat preparant les diferents can\u00e7ons i moviments, i per fi vam poder representar-ho a l\u2019escenari amb centenars d\u2019espectadors. Va ser molt especial i ens ho vam passar d\u2019all\u00f2 m\u00e9s b\u00e9.\u00a0<\/span><\/p>\n<p><span style=\"font-weight: 400\">Gr\u00e0cies a tothom que ens va venir a veure, ens va fer molta il\u00b7lusi\u00f3!<\/span><\/p>\n<div style=\"width: 848px;\" class=\"wp-video\"><!--[if lt IE 9]><script>document.createElement('video');<\/script><![endif]-->\n<video class=\"wp-video-shortcode\" id=\"video-6254-1\" width=\"848\" height=\"480\" preload=\"metadata\" controls=\"controls\"><source type=\"video\/mp4\" src=\"https:\/\/agora.xtec.cat\/ceipparealgue\/wp-content\/uploads\/usu157\/2025\/05\/ad919d44-4cfd-4a13-813d-24ec64510df8.mp4?_=1\" \/><a href=\"https:\/\/agora.xtec.cat\/ceipparealgue\/wp-content\/uploads\/usu157\/2025\/05\/ad919d44-4cfd-4a13-813d-24ec64510df8.mp4\">https:\/\/agora.xtec.cat\/ceipparealgue\/wp-content\/uploads\/usu157\/2025\/05\/ad919d44-4cfd-4a13-813d-24ec64510df8.mp4<\/a><\/video><\/div>\n","protected":false},"excerpt":{"rendered":"<p>Hola fam\u00edlies,<br \/>\nel passat divendres 9 de maig els infants de Cicle Inicial vam actuar al teatre Kursaal fent l\u2019espectacle del conte del Patuflash, un nen petit que viu a l\u2019espai exterior i que, juntament amb el seu amic RUC, viu una aventura inoblidable.\u00a0<br \/>\nDes del mes&hellip;  <a href=\"https:\/\/agora.xtec.cat\/ceipparealgue\/general\/patuflash\/\" title=\"Read Patuflash!\">Llegeix m\u00e9s\u00bb<\/a><\/p>\n","protected":false},"author":55,"featured_media":6259,"comment_status":"open","ping_status":"closed","sticky":false,"template":"","format":"standard","meta":{"_bbp_topic_count":0,"_bbp_reply_count":0,"_bbp_total_topic_count":0,"_bbp_total_reply_count":0,"_bbp_voice_count":0,"_bbp_anonymous_reply_count":0,"_bbp_topic_count_hidden":0,"_bbp_reply_count_hidden":0,"_bbp_forum_subforum_count":0,"footnotes":""},"categories":[1,4,5,66,68],"tags":[],"class_list":["post-6254","post","type-post","status-publish","format-standard","has-post-thumbnail","hentry","category-general","category-portada","category-primaria","category-66","category-68"],"post_mailing_queue_ids":[],"_links":{"self":[{"href":"https:\/\/agora.xtec.cat\/ceipparealgue\/wp-json\/wp\/v2\/posts\/6254","targetHints":{"allow":["GET"]}}],"collection":[{"href":"https:\/\/agora.xtec.cat\/ceipparealgue\/wp-json\/wp\/v2\/posts"}],"about":[{"href":"https:\/\/agora.xtec.cat\/ceipparealgue\/wp-json\/wp\/v2\/types\/post"}],"author":[{"embeddable":true,"href":"https:\/\/agora.xtec.cat\/ceipparealgue\/wp-json\/wp\/v2\/users\/55"}],"replies":[{"embeddable":true,"href":"https:\/\/agora.xtec.cat\/ceipparealgue\/wp-json\/wp\/v2\/comments?post=6254"}],"version-history":[{"count":6,"href":"https:\/\/agora.xtec.cat\/ceipparealgue\/wp-json\/wp\/v2\/posts\/6254\/revisions"}],"predecessor-version":[{"id":6274,"href":"https:\/\/agora.xtec.cat\/ceipparealgue\/wp-json\/wp\/v2\/posts\/6254\/revisions\/6274"}],"wp:featuredmedia":[{"embeddable":true,"href":"https:\/\/agora.xtec.cat\/ceipparealgue\/wp-json\/wp\/v2\/media\/6259"}],"wp:attachment":[{"href":"https:\/\/agora.xtec.cat\/ceipparealgue\/wp-json\/wp\/v2\/media?parent=6254"}],"wp:term":[{"taxonomy":"category","embeddable":true,"href":"https:\/\/agora.xtec.cat\/ceipparealgue\/wp-json\/wp\/v2\/categories?post=6254"},{"taxonomy":"post_tag","embeddable":true,"href":"https:\/\/agora.xtec.cat\/ceipparealgue\/wp-json\/wp\/v2\/tags?post=6254"}],"curies":[{"name":"wp","href":"https:\/\/api.w.org\/{rel}","templated":true}]}}