{"id":6232,"date":"2025-05-06T14:58:51","date_gmt":"2025-05-06T12:58:51","guid":{"rendered":"https:\/\/agora.xtec.cat\/ceipparealgue\/?p=6232"},"modified":"2025-05-06T14:58:51","modified_gmt":"2025-05-06T12:58:51","slug":"pizzicants-p3","status":"publish","type":"post","link":"https:\/\/agora.xtec.cat\/ceipparealgue\/general\/pizzicants-p3\/","title":{"rendered":"PIZZICANTS P3"},"content":{"rendered":"<p>Els i les alumnes de P3 els dimarts a la tarda fan una hora de<strong> Pizzicants<\/strong>\u00a0 amb els mestres del <strong>Conservatori de Manresa<\/strong>, l&#8217;Anna i en Xavier, l&#8217;alumnat apr\u00e8n a tocar el viol\u00ed, la viola i el violoncel, com tamb\u00e9, a estimar cada dia m\u00e9s la m\u00fasica.<\/p>\n<p>Us compartim un v\u00eddeo en el que representen la pe\u00e7a musical &#8220;L&#8217;Hivern&#8221; de Vivaldi.<\/p>\n<p>Esperem que en gaudiu molt!<\/p>\n<p><a href=\"https:\/\/photos.app.goo.gl\/vak9rJUEjGzGTeSC8\">L&#8217;Hivern de Vivaldi-P3<\/a><\/p>\n","protected":false},"excerpt":{"rendered":"<p>Els i les alumnes de P3 els dimarts a la tarda fan una hora de Pizzicants\u00a0 amb els mestres del Conservatori de Manresa, l&#8217;Anna i en Xavier, l&#8217;alumnat apr\u00e8n a tocar el viol\u00ed, la viola i el violoncel, com tamb\u00e9, a estimar cada dia m\u00e9s&hellip;  <a href=\"https:\/\/agora.xtec.cat\/ceipparealgue\/general\/pizzicants-p3\/\" title=\"Read PIZZICANTS P3\">Llegeix m\u00e9s\u00bb<\/a><\/p>\n","protected":false},"author":51,"featured_media":0,"comment_status":"open","ping_status":"closed","sticky":false,"template":"","format":"standard","meta":{"_bbp_topic_count":0,"_bbp_reply_count":0,"_bbp_total_topic_count":0,"_bbp_total_reply_count":0,"_bbp_voice_count":0,"_bbp_anonymous_reply_count":0,"_bbp_topic_count_hidden":0,"_bbp_reply_count_hidden":0,"_bbp_forum_subforum_count":0,"footnotes":""},"categories":[1,60,5,3],"tags":[99],"class_list":["post-6232","post","type-post","status-publish","format-standard","hentry","category-general","category-pizzicants","category-primaria","category-3","tag-pizzicants"],"post_mailing_queue_ids":[],"_links":{"self":[{"href":"https:\/\/agora.xtec.cat\/ceipparealgue\/wp-json\/wp\/v2\/posts\/6232","targetHints":{"allow":["GET"]}}],"collection":[{"href":"https:\/\/agora.xtec.cat\/ceipparealgue\/wp-json\/wp\/v2\/posts"}],"about":[{"href":"https:\/\/agora.xtec.cat\/ceipparealgue\/wp-json\/wp\/v2\/types\/post"}],"author":[{"embeddable":true,"href":"https:\/\/agora.xtec.cat\/ceipparealgue\/wp-json\/wp\/v2\/users\/51"}],"replies":[{"embeddable":true,"href":"https:\/\/agora.xtec.cat\/ceipparealgue\/wp-json\/wp\/v2\/comments?post=6232"}],"version-history":[{"count":2,"href":"https:\/\/agora.xtec.cat\/ceipparealgue\/wp-json\/wp\/v2\/posts\/6232\/revisions"}],"predecessor-version":[{"id":6234,"href":"https:\/\/agora.xtec.cat\/ceipparealgue\/wp-json\/wp\/v2\/posts\/6232\/revisions\/6234"}],"wp:attachment":[{"href":"https:\/\/agora.xtec.cat\/ceipparealgue\/wp-json\/wp\/v2\/media?parent=6232"}],"wp:term":[{"taxonomy":"category","embeddable":true,"href":"https:\/\/agora.xtec.cat\/ceipparealgue\/wp-json\/wp\/v2\/categories?post=6232"},{"taxonomy":"post_tag","embeddable":true,"href":"https:\/\/agora.xtec.cat\/ceipparealgue\/wp-json\/wp\/v2\/tags?post=6232"}],"curies":[{"name":"wp","href":"https:\/\/api.w.org\/{rel}","templated":true}]}}