{"id":6194,"date":"2025-04-25T10:38:11","date_gmt":"2025-04-25T08:38:11","guid":{"rendered":"https:\/\/agora.xtec.cat\/ceipparealgue\/?p=6194"},"modified":"2025-04-25T10:38:45","modified_gmt":"2025-04-25T08:38:45","slug":"sant-jordi-2025","status":"publish","type":"post","link":"https:\/\/agora.xtec.cat\/ceipparealgue\/general\/sant-jordi-2025\/","title":{"rendered":"SANT JORDI 2025"},"content":{"rendered":"<p>El dimecres 23 d&#8217;abril vam celebrar Sant Jordi d&#8217;una manera ben especial.<\/p>\n<p>Al mat\u00ed els nens i nenes de prim\u00e0ria vam anar a passejar i veure les paradetes de roses i llibres, i la canalla d&#8217;Infantil vam anar al Kursaal a veure &#8221; Jan i J\u00falia i la llegenda de Sant Jordi&#8221;.<\/p>\n<p>Quan vam tornar a l&#8217;escola vam poder gaudir d&#8217;un recorregut literari, tot circulant lliurement pels diferents espais de literatura a l&#8217;escola, acompanyats dels nostres padrins lectors.<\/p>\n<p>Ens ho vam passar d&#8217;all\u00f2 m\u00e9s b\u00e9! Quina diada de Sant Jordi!<\/p>\n<p><a href=\"https:\/\/agora.xtec.cat\/ceipparealgue\/wp-content\/uploads\/usu157\/2025\/04\/20250423_121957-scaled.jpg\"><img loading=\"lazy\" decoding=\"async\" class=\"alignnone size-large wp-image-6198\" src=\"https:\/\/agora.xtec.cat\/ceipparealgue\/wp-content\/uploads\/usu157\/2025\/04\/20250423_121957-1024x768.jpg\" alt=\"\" width=\"1024\" height=\"768\" srcset=\"https:\/\/agora.xtec.cat\/ceipparealgue\/wp-content\/uploads\/usu157\/2025\/04\/20250423_121957-1024x768.jpg 1024w, https:\/\/agora.xtec.cat\/ceipparealgue\/wp-content\/uploads\/usu157\/2025\/04\/20250423_121957-300x225.jpg 300w, https:\/\/agora.xtec.cat\/ceipparealgue\/wp-content\/uploads\/usu157\/2025\/04\/20250423_121957-768x576.jpg 768w, https:\/\/agora.xtec.cat\/ceipparealgue\/wp-content\/uploads\/usu157\/2025\/04\/20250423_121957-1536x1152.jpg 1536w, https:\/\/agora.xtec.cat\/ceipparealgue\/wp-content\/uploads\/usu157\/2025\/04\/20250423_121957-2048x1536.jpg 2048w, https:\/\/agora.xtec.cat\/ceipparealgue\/wp-content\/uploads\/usu157\/2025\/04\/20250423_121957-200x150.jpg 200w\" sizes=\"auto, (max-width: 1024px) 100vw, 1024px\" \/><\/a><\/p>\n<p>Podeu veure&#8217;ns gaudir llegint a les seg\u00fcents fotos: <a href=\"https:\/\/photos.app.goo.gl\/MLZhysoWc9JaeyEa9\">SANT JORDI 2025<\/a><\/p>\n","protected":false},"excerpt":{"rendered":"<p>El dimecres 23 d&#8217;abril vam celebrar Sant Jordi d&#8217;una manera ben especial.<br \/>\nAl mat\u00ed els nens i nenes de prim\u00e0ria vam anar a passejar i veure les paradetes de roses i llibres, i la canalla d&#8217;Infantil vam anar al Kursaal a veure &#8221; Jan i J\u00falia&hellip;  <a href=\"https:\/\/agora.xtec.cat\/ceipparealgue\/general\/sant-jordi-2025\/\" title=\"Read SANT JORDI 2025\">Llegeix m\u00e9s\u00bb<\/a><\/p>\n","protected":false},"author":1,"featured_media":0,"comment_status":"open","ping_status":"closed","sticky":false,"template":"","format":"standard","meta":{"_bbp_topic_count":0,"_bbp_reply_count":0,"_bbp_total_topic_count":0,"_bbp_total_reply_count":0,"_bbp_voice_count":0,"_bbp_anonymous_reply_count":0,"_bbp_topic_count_hidden":0,"_bbp_reply_count_hidden":0,"_bbp_forum_subforum_count":0,"footnotes":""},"categories":[1,2,4,5],"tags":[],"class_list":["post-6194","post","type-post","status-publish","format-standard","hentry","category-general","category-infantil","category-portada","category-primaria"],"post_mailing_queue_ids":[],"_links":{"self":[{"href":"https:\/\/agora.xtec.cat\/ceipparealgue\/wp-json\/wp\/v2\/posts\/6194","targetHints":{"allow":["GET"]}}],"collection":[{"href":"https:\/\/agora.xtec.cat\/ceipparealgue\/wp-json\/wp\/v2\/posts"}],"about":[{"href":"https:\/\/agora.xtec.cat\/ceipparealgue\/wp-json\/wp\/v2\/types\/post"}],"author":[{"embeddable":true,"href":"https:\/\/agora.xtec.cat\/ceipparealgue\/wp-json\/wp\/v2\/users\/1"}],"replies":[{"embeddable":true,"href":"https:\/\/agora.xtec.cat\/ceipparealgue\/wp-json\/wp\/v2\/comments?post=6194"}],"version-history":[{"count":1,"href":"https:\/\/agora.xtec.cat\/ceipparealgue\/wp-json\/wp\/v2\/posts\/6194\/revisions"}],"predecessor-version":[{"id":6199,"href":"https:\/\/agora.xtec.cat\/ceipparealgue\/wp-json\/wp\/v2\/posts\/6194\/revisions\/6199"}],"wp:attachment":[{"href":"https:\/\/agora.xtec.cat\/ceipparealgue\/wp-json\/wp\/v2\/media?parent=6194"}],"wp:term":[{"taxonomy":"category","embeddable":true,"href":"https:\/\/agora.xtec.cat\/ceipparealgue\/wp-json\/wp\/v2\/categories?post=6194"},{"taxonomy":"post_tag","embeddable":true,"href":"https:\/\/agora.xtec.cat\/ceipparealgue\/wp-json\/wp\/v2\/tags?post=6194"}],"curies":[{"name":"wp","href":"https:\/\/api.w.org\/{rel}","templated":true}]}}