{"id":6161,"date":"2025-04-24T13:24:22","date_gmt":"2025-04-24T11:24:22","guid":{"rendered":"https:\/\/agora.xtec.cat\/ceipparealgue\/?p=6161"},"modified":"2025-04-24T13:24:22","modified_gmt":"2025-04-24T11:24:22","slug":"celebrem-sant-jordi-amb-les-mares-que-fan-catala","status":"publish","type":"post","link":"https:\/\/agora.xtec.cat\/ceipparealgue\/general\/celebrem-sant-jordi-amb-les-mares-que-fan-catala\/","title":{"rendered":"Celebrem Sant Jordi amb les mares que fan Catal\u00e0"},"content":{"rendered":"<p>Com cada any, el 23 d&#8217;abril hem celebrat Sant Jordi amb tots els nens i nenes anant a donar un volt pel Passeig i visitant les paradetes de roses i llibres.<\/p>\n<p>I, aprofitant que Sant Jordi \u00e9s una de les tradicions m\u00e9s gaudides a Catalunya i que ens apropa a la llengua i la cultura, a les mares que fan catal\u00e0 a l&#8217;escola, el hem estat explicant la tradici\u00f3 de celebrar Sant Jordi a Catalunya i en acabar hem estat fent roses de paper.<\/p>\n<p>Ha estat una tarda molt entretinguda i divertida.<\/p>\n<p>Gr\u00e0cies mares per venir i aprendre catal\u00e0 i saber una mica m\u00e9s de les nostres tradicions.<\/p>\n<p><a href=\"https:\/\/agora.xtec.cat\/ceipparealgue\/wp-content\/uploads\/usu157\/2025\/04\/Sant-Jordi-2025.pdf\">Sant Jordi 2025<\/a><\/p>\n","protected":false},"excerpt":{"rendered":"<p>Com cada any, el 23 d&#8217;abril hem celebrat Sant Jordi amb tots els nens i nenes anant a donar un volt pel Passeig i visitant les paradetes de roses i llibres.<br \/>\nI, aprofitant que Sant Jordi \u00e9s una de les tradicions m\u00e9s gaudides a Catalunya i&hellip;  <a href=\"https:\/\/agora.xtec.cat\/ceipparealgue\/general\/celebrem-sant-jordi-amb-les-mares-que-fan-catala\/\" title=\"Read Celebrem Sant Jordi amb les mares que fan Catal\u00e0\">Llegeix m\u00e9s\u00bb<\/a><\/p>\n","protected":false},"author":60,"featured_media":0,"comment_status":"open","ping_status":"closed","sticky":false,"template":"","format":"standard","meta":{"_bbp_topic_count":0,"_bbp_reply_count":0,"_bbp_total_topic_count":0,"_bbp_total_reply_count":0,"_bbp_voice_count":0,"_bbp_anonymous_reply_count":0,"_bbp_topic_count_hidden":0,"_bbp_reply_count_hidden":0,"_bbp_forum_subforum_count":0,"footnotes":""},"categories":[1,4],"tags":[],"class_list":["post-6161","post","type-post","status-publish","format-standard","hentry","category-general","category-portada"],"post_mailing_queue_ids":[],"_links":{"self":[{"href":"https:\/\/agora.xtec.cat\/ceipparealgue\/wp-json\/wp\/v2\/posts\/6161","targetHints":{"allow":["GET"]}}],"collection":[{"href":"https:\/\/agora.xtec.cat\/ceipparealgue\/wp-json\/wp\/v2\/posts"}],"about":[{"href":"https:\/\/agora.xtec.cat\/ceipparealgue\/wp-json\/wp\/v2\/types\/post"}],"author":[{"embeddable":true,"href":"https:\/\/agora.xtec.cat\/ceipparealgue\/wp-json\/wp\/v2\/users\/60"}],"replies":[{"embeddable":true,"href":"https:\/\/agora.xtec.cat\/ceipparealgue\/wp-json\/wp\/v2\/comments?post=6161"}],"version-history":[{"count":1,"href":"https:\/\/agora.xtec.cat\/ceipparealgue\/wp-json\/wp\/v2\/posts\/6161\/revisions"}],"predecessor-version":[{"id":6191,"href":"https:\/\/agora.xtec.cat\/ceipparealgue\/wp-json\/wp\/v2\/posts\/6161\/revisions\/6191"}],"wp:attachment":[{"href":"https:\/\/agora.xtec.cat\/ceipparealgue\/wp-json\/wp\/v2\/media?parent=6161"}],"wp:term":[{"taxonomy":"category","embeddable":true,"href":"https:\/\/agora.xtec.cat\/ceipparealgue\/wp-json\/wp\/v2\/categories?post=6161"},{"taxonomy":"post_tag","embeddable":true,"href":"https:\/\/agora.xtec.cat\/ceipparealgue\/wp-json\/wp\/v2\/tags?post=6161"}],"curies":[{"name":"wp","href":"https:\/\/api.w.org\/{rel}","templated":true}]}}