{"id":6122,"date":"2025-04-17T17:11:47","date_gmt":"2025-04-17T15:11:47","guid":{"rendered":"https:\/\/agora.xtec.cat\/ceipparealgue\/?p=6122"},"modified":"2025-04-17T17:11:47","modified_gmt":"2025-04-17T15:11:47","slug":"gimnastica-ritmica-a-p6","status":"publish","type":"post","link":"https:\/\/agora.xtec.cat\/ceipparealgue\/portada\/gimnastica-ritmica-a-p6\/","title":{"rendered":"GIMN\u00c0STICA R\u00cdTMICA A P6"},"content":{"rendered":"<p>Hola fam\u00edlies!!<\/p>\n<p>Els alumnes de P6 vam anar a l&#8217;Institut Llu\u00eds de Peguera a fer un tastet de gimn\u00e0stica r\u00edtmica.<\/p>\n<p>Per veure les imatges heu de clicar aqu\u00ed:<a href=\"https:\/\/photos.app.goo.gl\/nNJ6Fciid1SMQeay6\">https:\/\/photos.app.goo.gl\/nNJ6Fciid1SMQeay6<\/a><\/p>\n","protected":false},"excerpt":{"rendered":"<p>Hola fam\u00edlies!!<br \/>\nEls alumnes de P6 vam anar a l&#8217;Institut Llu\u00eds de Peguera a fer un tastet de gimn\u00e0stica r\u00edtmica.<br \/>\nPer veure les imatges heu de clicar aqu\u00ed:<a href=\"https:\/\/photos.app.goo.gl\/nNJ6Fciid1SMQeay6\">https:\/\/photos.app.goo.gl\/nNJ6Fciid1SMQeay6<\/a><\/p>\n","protected":false},"author":51,"featured_media":0,"comment_status":"closed","ping_status":"closed","sticky":false,"template":"","format":"standard","meta":{"_bbp_topic_count":0,"_bbp_reply_count":0,"_bbp_total_topic_count":0,"_bbp_total_reply_count":0,"_bbp_voice_count":0,"_bbp_anonymous_reply_count":0,"_bbp_topic_count_hidden":0,"_bbp_reply_count_hidden":0,"_bbp_forum_subforum_count":0,"footnotes":""},"categories":[63,4,5,10],"tags":[],"class_list":["post-6122","post","type-post","status-publish","format-standard","hentry","category-ef","category-portada","category-primaria","category-10"],"post_mailing_queue_ids":[],"_links":{"self":[{"href":"https:\/\/agora.xtec.cat\/ceipparealgue\/wp-json\/wp\/v2\/posts\/6122","targetHints":{"allow":["GET"]}}],"collection":[{"href":"https:\/\/agora.xtec.cat\/ceipparealgue\/wp-json\/wp\/v2\/posts"}],"about":[{"href":"https:\/\/agora.xtec.cat\/ceipparealgue\/wp-json\/wp\/v2\/types\/post"}],"author":[{"embeddable":true,"href":"https:\/\/agora.xtec.cat\/ceipparealgue\/wp-json\/wp\/v2\/users\/51"}],"replies":[{"embeddable":true,"href":"https:\/\/agora.xtec.cat\/ceipparealgue\/wp-json\/wp\/v2\/comments?post=6122"}],"version-history":[{"count":1,"href":"https:\/\/agora.xtec.cat\/ceipparealgue\/wp-json\/wp\/v2\/posts\/6122\/revisions"}],"predecessor-version":[{"id":6123,"href":"https:\/\/agora.xtec.cat\/ceipparealgue\/wp-json\/wp\/v2\/posts\/6122\/revisions\/6123"}],"wp:attachment":[{"href":"https:\/\/agora.xtec.cat\/ceipparealgue\/wp-json\/wp\/v2\/media?parent=6122"}],"wp:term":[{"taxonomy":"category","embeddable":true,"href":"https:\/\/agora.xtec.cat\/ceipparealgue\/wp-json\/wp\/v2\/categories?post=6122"},{"taxonomy":"post_tag","embeddable":true,"href":"https:\/\/agora.xtec.cat\/ceipparealgue\/wp-json\/wp\/v2\/tags?post=6122"}],"curies":[{"name":"wp","href":"https:\/\/api.w.org\/{rel}","templated":true}]}}