{"id":6055,"date":"2025-04-04T10:49:07","date_gmt":"2025-04-04T08:49:07","guid":{"rendered":"https:\/\/agora.xtec.cat\/ceipparealgue\/?p=6055"},"modified":"2025-04-04T10:49:07","modified_gmt":"2025-04-04T08:49:07","slug":"xerrada-sobre-primers-auxilis-a-p4","status":"publish","type":"post","link":"https:\/\/agora.xtec.cat\/ceipparealgue\/general\/xerrada-sobre-primers-auxilis-a-p4\/","title":{"rendered":"XERRADA SOBRE PRIMERS AUXILIS A P4"},"content":{"rendered":"<p>Avui divendres, a P4, han vingut la Niss i l&#8217;Hajar que estan estudiant infermeria per fer-nos una xerrada sobre Primers auxilis. Despr\u00e9s d&#8217;explicar-nos qu\u00e8 cal fer en cas de veure que alg\u00fa es fa mal i no hi ha un adult a prop, hem pogut posar en pr\u00e0ctica tot all\u00f2 que ens han ensenyat anteriorment. El temps ens ha passat volant i hem pogut aprendre moltes coses que no sabiem.<\/p>\n<p>Moltes gr\u00e0cies Niss i Hajar!<\/p>\n<p>Si voleu veure alguns moments de l&#8217;activitat podeu clicar a la foto.<\/p>\n<p><a href=\"https:\/\/photos.app.goo.gl\/r2CfGLNiqTsuhrZc9\"><img loading=\"lazy\" decoding=\"async\" class=\"wp-image-6060 aligncenter\" src=\"https:\/\/agora.xtec.cat\/ceipparealgue\/wp-content\/uploads\/usu157\/2025\/04\/WhatsApp-Image-2025-04-04-at-09.53.25-1024x576.jpeg\" alt=\"\" width=\"527\" height=\"296\" srcset=\"https:\/\/agora.xtec.cat\/ceipparealgue\/wp-content\/uploads\/usu157\/2025\/04\/WhatsApp-Image-2025-04-04-at-09.53.25-1024x576.jpeg 1024w, https:\/\/agora.xtec.cat\/ceipparealgue\/wp-content\/uploads\/usu157\/2025\/04\/WhatsApp-Image-2025-04-04-at-09.53.25-300x169.jpeg 300w, https:\/\/agora.xtec.cat\/ceipparealgue\/wp-content\/uploads\/usu157\/2025\/04\/WhatsApp-Image-2025-04-04-at-09.53.25-768x432.jpeg 768w, https:\/\/agora.xtec.cat\/ceipparealgue\/wp-content\/uploads\/usu157\/2025\/04\/WhatsApp-Image-2025-04-04-at-09.53.25-1536x864.jpeg 1536w, https:\/\/agora.xtec.cat\/ceipparealgue\/wp-content\/uploads\/usu157\/2025\/04\/WhatsApp-Image-2025-04-04-at-09.53.25.jpeg 2048w\" sizes=\"auto, (max-width: 527px) 100vw, 527px\" \/><\/a><\/p>\n","protected":false},"excerpt":{"rendered":"<p>Avui divendres, a P4, han vingut la Niss i l&#8217;Hajar que estan estudiant infermeria per fer-nos una xerrada sobre Primers auxilis. Despr\u00e9s d&#8217;explicar-nos qu\u00e8 cal fer en cas de veure que alg\u00fa es fa mal i no hi ha un adult a prop, hem pogut&hellip;  <a href=\"https:\/\/agora.xtec.cat\/ceipparealgue\/general\/xerrada-sobre-primers-auxilis-a-p4\/\" title=\"Read XERRADA SOBRE PRIMERS AUXILIS A P4\">Llegeix m\u00e9s\u00bb<\/a><\/p>\n","protected":false},"author":51,"featured_media":0,"comment_status":"open","ping_status":"closed","sticky":false,"template":"","format":"standard","meta":{"_bbp_topic_count":0,"_bbp_reply_count":0,"_bbp_total_topic_count":0,"_bbp_total_reply_count":0,"_bbp_voice_count":0,"_bbp_anonymous_reply_count":0,"_bbp_topic_count_hidden":0,"_bbp_reply_count_hidden":0,"_bbp_forum_subforum_count":0,"footnotes":""},"categories":[1,4,5,8],"tags":[],"class_list":["post-6055","post","type-post","status-publish","format-standard","hentry","category-general","category-portada","category-primaria","category-8"],"post_mailing_queue_ids":[],"_links":{"self":[{"href":"https:\/\/agora.xtec.cat\/ceipparealgue\/wp-json\/wp\/v2\/posts\/6055","targetHints":{"allow":["GET"]}}],"collection":[{"href":"https:\/\/agora.xtec.cat\/ceipparealgue\/wp-json\/wp\/v2\/posts"}],"about":[{"href":"https:\/\/agora.xtec.cat\/ceipparealgue\/wp-json\/wp\/v2\/types\/post"}],"author":[{"embeddable":true,"href":"https:\/\/agora.xtec.cat\/ceipparealgue\/wp-json\/wp\/v2\/users\/51"}],"replies":[{"embeddable":true,"href":"https:\/\/agora.xtec.cat\/ceipparealgue\/wp-json\/wp\/v2\/comments?post=6055"}],"version-history":[{"count":6,"href":"https:\/\/agora.xtec.cat\/ceipparealgue\/wp-json\/wp\/v2\/posts\/6055\/revisions"}],"predecessor-version":[{"id":6064,"href":"https:\/\/agora.xtec.cat\/ceipparealgue\/wp-json\/wp\/v2\/posts\/6055\/revisions\/6064"}],"wp:attachment":[{"href":"https:\/\/agora.xtec.cat\/ceipparealgue\/wp-json\/wp\/v2\/media?parent=6055"}],"wp:term":[{"taxonomy":"category","embeddable":true,"href":"https:\/\/agora.xtec.cat\/ceipparealgue\/wp-json\/wp\/v2\/categories?post=6055"},{"taxonomy":"post_tag","embeddable":true,"href":"https:\/\/agora.xtec.cat\/ceipparealgue\/wp-json\/wp\/v2\/tags?post=6055"}],"curies":[{"name":"wp","href":"https:\/\/api.w.org\/{rel}","templated":true}]}}