{"id":6024,"date":"2025-04-02T18:34:04","date_gmt":"2025-04-02T16:34:04","guid":{"rendered":"https:\/\/agora.xtec.cat\/ceipparealgue\/?p=6024"},"modified":"2025-04-02T18:42:33","modified_gmt":"2025-04-02T16:42:33","slug":"el-viatge-duna-gota-daigua","status":"publish","type":"post","link":"https:\/\/agora.xtec.cat\/ceipparealgue\/general\/el-viatge-duna-gota-daigua\/","title":{"rendered":"EL VIATGE D&#8217;UNA GOTA D&#8217;AIGUA"},"content":{"rendered":"<p style=\"text-align: justify\">Hola fam\u00edlies,<\/p>\n<p style=\"text-align: justify\">Sabeu quin \u00e9s el viatge d&#8217;una gota d&#8217;aigua? Doncs la classe de 1r va anar al Centre de l\u2019Aigua de Can Font i va seguir el seu viatge. Van escoltar les explicacions i van fer en un plaf\u00f3 el viatge de les gotes Lila i Got\u00ed.<\/p>\n<p style=\"text-align: justify\">Tot i que el dia no va acompanyar,\u00a0 s&#8217;ho van passar all\u00f2 de m\u00e9s b\u00e9 i van poder fer el viatge de les gotes.<\/p>\n<p style=\"text-align: justify\"><a href=\"https:\/\/photos.app.goo.gl\/PQPtTMfGHiuhorfFA\">https:\/\/photos.app.goo.gl\/PQPtTMfGHiuhorfFA<\/a><img loading=\"lazy\" decoding=\"async\" class=\"wp-image-6027 aligncenter\" src=\"https:\/\/agora.xtec.cat\/ceipparealgue\/wp-content\/uploads\/usu157\/2025\/04\/Cami-daigua.jpg\" alt=\"\" width=\"383\" height=\"306\" srcset=\"https:\/\/agora.xtec.cat\/ceipparealgue\/wp-content\/uploads\/usu157\/2025\/04\/Cami-daigua.jpg 2000w, https:\/\/agora.xtec.cat\/ceipparealgue\/wp-content\/uploads\/usu157\/2025\/04\/Cami-daigua-300x240.jpg 300w, https:\/\/agora.xtec.cat\/ceipparealgue\/wp-content\/uploads\/usu157\/2025\/04\/Cami-daigua-1024x819.jpg 1024w, https:\/\/agora.xtec.cat\/ceipparealgue\/wp-content\/uploads\/usu157\/2025\/04\/Cami-daigua-768x614.jpg 768w, https:\/\/agora.xtec.cat\/ceipparealgue\/wp-content\/uploads\/usu157\/2025\/04\/Cami-daigua-1536x1229.jpg 1536w\" sizes=\"auto, (max-width: 383px) 100vw, 383px\" \/><\/p>\n","protected":false},"excerpt":{"rendered":"<p>Hola fam\u00edlies,<br \/>\nSabeu quin \u00e9s el viatge d&#8217;una gota d&#8217;aigua? Doncs la classe de 1r va anar al Centre de l\u2019Aigua de Can Font i va seguir el seu viatge. Van escoltar les explicacions i van fer en un plaf\u00f3 el viatge de les gotes Lila&hellip;  <a href=\"https:\/\/agora.xtec.cat\/ceipparealgue\/general\/el-viatge-duna-gota-daigua\/\" title=\"Read EL VIATGE D&#8217;UNA GOTA D&#8217;AIGUA\">Llegeix m\u00e9s\u00bb<\/a><\/p>\n","protected":false},"author":50,"featured_media":0,"comment_status":"open","ping_status":"closed","sticky":false,"template":"","format":"standard","meta":{"_bbp_topic_count":0,"_bbp_reply_count":0,"_bbp_total_topic_count":0,"_bbp_total_reply_count":0,"_bbp_voice_count":0,"_bbp_anonymous_reply_count":0,"_bbp_topic_count_hidden":0,"_bbp_reply_count_hidden":0,"_bbp_forum_subforum_count":0,"footnotes":""},"categories":[1,4,68],"tags":[98,16,93],"class_list":["post-6024","post","type-post","status-publish","format-standard","hentry","category-general","category-portada","category-68","tag-laigua","tag-sortides","tag-tallers"],"post_mailing_queue_ids":[],"_links":{"self":[{"href":"https:\/\/agora.xtec.cat\/ceipparealgue\/wp-json\/wp\/v2\/posts\/6024","targetHints":{"allow":["GET"]}}],"collection":[{"href":"https:\/\/agora.xtec.cat\/ceipparealgue\/wp-json\/wp\/v2\/posts"}],"about":[{"href":"https:\/\/agora.xtec.cat\/ceipparealgue\/wp-json\/wp\/v2\/types\/post"}],"author":[{"embeddable":true,"href":"https:\/\/agora.xtec.cat\/ceipparealgue\/wp-json\/wp\/v2\/users\/50"}],"replies":[{"embeddable":true,"href":"https:\/\/agora.xtec.cat\/ceipparealgue\/wp-json\/wp\/v2\/comments?post=6024"}],"version-history":[{"count":6,"href":"https:\/\/agora.xtec.cat\/ceipparealgue\/wp-json\/wp\/v2\/posts\/6024\/revisions"}],"predecessor-version":[{"id":6032,"href":"https:\/\/agora.xtec.cat\/ceipparealgue\/wp-json\/wp\/v2\/posts\/6024\/revisions\/6032"}],"wp:attachment":[{"href":"https:\/\/agora.xtec.cat\/ceipparealgue\/wp-json\/wp\/v2\/media?parent=6024"}],"wp:term":[{"taxonomy":"category","embeddable":true,"href":"https:\/\/agora.xtec.cat\/ceipparealgue\/wp-json\/wp\/v2\/categories?post=6024"},{"taxonomy":"post_tag","embeddable":true,"href":"https:\/\/agora.xtec.cat\/ceipparealgue\/wp-json\/wp\/v2\/tags?post=6024"}],"curies":[{"name":"wp","href":"https:\/\/api.w.org\/{rel}","templated":true}]}}