{"id":5997,"date":"2025-03-31T16:53:48","date_gmt":"2025-03-31T14:53:48","guid":{"rendered":"https:\/\/agora.xtec.cat\/ceipparealgue\/?p=5997"},"modified":"2025-03-31T16:53:48","modified_gmt":"2025-03-31T14:53:48","slug":"i3-i4-i-i5-sortida-a-la-figuera-de-castellnou","status":"publish","type":"post","link":"https:\/\/agora.xtec.cat\/ceipparealgue\/portada\/i3-i4-i-i5-sortida-a-la-figuera-de-castellnou\/","title":{"rendered":"I3, i4, i I5 Sortida a La Figuera de Castellnou"},"content":{"rendered":"<p>Hola fam\u00edlies,<\/p>\n<p>El dimarts dia 25 vam anar d&#8217;excursi\u00f3 a la casa de col\u00f2nies a La Figuera de Castellnou. Vam gaudir molt de la casa i el seu entorn ja que est\u00e0 al bosc. A m\u00e9s ens van preparar una gimcana molt divertida per convertir-nos en indis que vam\u00a0 superar amb escreix. Un cop la gimcana feta vam anar a dinar i a la tarda ens vam convertir en indis amb les plomes i el maquillatge. Els monitors i monitores de la casa ens ho van fer passar pipa i el menjar que ens va fer la cuinera estava bon\u00edssim.<\/p>\n<p>Ja tenim ganes de fer una altre sortida de tot el dia ja que l&#8217;experi\u00e8ncia ha estat molt bona!!!<\/p>\n<p>Clicant la foto podreu veure imatges de tot el que vam fer:<\/p>\n<p><a href=\"https:\/\/photos.app.goo.gl\/YhU2PzAYxXdsY4tz5\"><img loading=\"lazy\" decoding=\"async\" class=\"alignnone size-full wp-image-6003\" src=\"https:\/\/agora.xtec.cat\/ceipparealgue\/wp-content\/uploads\/usu157\/2025\/03\/IMG_3921.jpg\" alt=\"\" width=\"320\" height=\"240\" srcset=\"https:\/\/agora.xtec.cat\/ceipparealgue\/wp-content\/uploads\/usu157\/2025\/03\/IMG_3921.jpg 320w, https:\/\/agora.xtec.cat\/ceipparealgue\/wp-content\/uploads\/usu157\/2025\/03\/IMG_3921-300x225.jpg 300w, https:\/\/agora.xtec.cat\/ceipparealgue\/wp-content\/uploads\/usu157\/2025\/03\/IMG_3921-200x150.jpg 200w\" sizes=\"auto, (max-width: 320px) 100vw, 320px\" \/><\/a><\/p>\n","protected":false},"excerpt":{"rendered":"<p>Hola fam\u00edlies,<br \/>\nEl dimarts dia 25 vam anar d&#8217;excursi\u00f3 a la casa de col\u00f2nies a La Figuera de Castellnou. Vam gaudir molt de la casa i el seu entorn ja que est\u00e0 al bosc. A m\u00e9s ens van preparar una gimcana molt divertida per convertir-nos en&hellip;  <a href=\"https:\/\/agora.xtec.cat\/ceipparealgue\/portada\/i3-i4-i-i5-sortida-a-la-figuera-de-castellnou\/\" title=\"Read I3, i4, i I5 Sortida a La Figuera de Castellnou\">Llegeix m\u00e9s\u00bb<\/a><\/p>\n","protected":false},"author":49,"featured_media":6003,"comment_status":"open","ping_status":"closed","sticky":false,"template":"","format":"standard","meta":{"_bbp_topic_count":0,"_bbp_reply_count":0,"_bbp_total_topic_count":0,"_bbp_total_reply_count":0,"_bbp_voice_count":0,"_bbp_anonymous_reply_count":0,"_bbp_topic_count_hidden":0,"_bbp_reply_count_hidden":0,"_bbp_forum_subforum_count":0,"footnotes":""},"categories":[4,73,81,83],"tags":[],"class_list":["post-5997","post","type-post","status-publish","format-standard","has-post-thumbnail","hentry","category-portada","category-promocio-2019","category-promocio-2020-i3","category-83"],"post_mailing_queue_ids":[],"_links":{"self":[{"href":"https:\/\/agora.xtec.cat\/ceipparealgue\/wp-json\/wp\/v2\/posts\/5997","targetHints":{"allow":["GET"]}}],"collection":[{"href":"https:\/\/agora.xtec.cat\/ceipparealgue\/wp-json\/wp\/v2\/posts"}],"about":[{"href":"https:\/\/agora.xtec.cat\/ceipparealgue\/wp-json\/wp\/v2\/types\/post"}],"author":[{"embeddable":true,"href":"https:\/\/agora.xtec.cat\/ceipparealgue\/wp-json\/wp\/v2\/users\/49"}],"replies":[{"embeddable":true,"href":"https:\/\/agora.xtec.cat\/ceipparealgue\/wp-json\/wp\/v2\/comments?post=5997"}],"version-history":[{"count":1,"href":"https:\/\/agora.xtec.cat\/ceipparealgue\/wp-json\/wp\/v2\/posts\/5997\/revisions"}],"predecessor-version":[{"id":6004,"href":"https:\/\/agora.xtec.cat\/ceipparealgue\/wp-json\/wp\/v2\/posts\/5997\/revisions\/6004"}],"wp:featuredmedia":[{"embeddable":true,"href":"https:\/\/agora.xtec.cat\/ceipparealgue\/wp-json\/wp\/v2\/media\/6003"}],"wp:attachment":[{"href":"https:\/\/agora.xtec.cat\/ceipparealgue\/wp-json\/wp\/v2\/media?parent=5997"}],"wp:term":[{"taxonomy":"category","embeddable":true,"href":"https:\/\/agora.xtec.cat\/ceipparealgue\/wp-json\/wp\/v2\/categories?post=5997"},{"taxonomy":"post_tag","embeddable":true,"href":"https:\/\/agora.xtec.cat\/ceipparealgue\/wp-json\/wp\/v2\/tags?post=5997"}],"curies":[{"name":"wp","href":"https:\/\/api.w.org\/{rel}","templated":true}]}}