{"id":5934,"date":"2025-02-22T12:49:45","date_gmt":"2025-02-22T11:49:45","guid":{"rendered":"https:\/\/agora.xtec.cat\/ceipparealgue\/?p=5934"},"modified":"2025-02-22T12:55:03","modified_gmt":"2025-02-22T11:55:03","slug":"anem-al-teatre-el-vol-de-les-papallones","status":"publish","type":"post","link":"https:\/\/agora.xtec.cat\/ceipparealgue\/general\/anem-al-teatre-el-vol-de-les-papallones\/","title":{"rendered":"ANEM AL TEATRE: EL VOL DE LES PAPALLONES"},"content":{"rendered":"<p>Hola fam\u00edlies,<\/p>\n<p style=\"text-align: justify\">El passat 8 de febrer, P1 i P2 v\u00e0rem anar al teatre Conservatori a veure l&#8217;obra El vol de les papallones.<\/p>\n<p style=\"text-align: justify\">Va ser una obra molt entretinguda i interessant, que parlava sobre la destrucci\u00f3 de la vida tranquil.la dels animalons de bosc per la costrucci\u00f3 d&#8217;una carretera i l&#8217;ajuda solid\u00e0ria d&#8217;unes papalllones per tornar al bosc.<\/p>\n<p style=\"text-align: justify\">Va ser un espectacle de llum i ombres m\u00e0gic. <a href=\"https:\/\/photos.app.goo.gl\/qMtwDZDhAipjm8kb6\">Clica i podr\u00e0s veure les fotos.<\/a><\/p>\n<p style=\"text-align: justify\">\n","protected":false},"excerpt":{"rendered":"<p>Hola fam\u00edlies,<br \/>\nEl passat 8 de febrer, P1 i P2 v\u00e0rem anar al teatre Conservatori a veure l&#8217;obra El vol de les papallones.<br \/>\nVa ser una obra molt entretinguda i interessant, que parlava sobre la destrucci\u00f3 de la vida tranquil.la dels animalons de bosc per la costrucci\u00f3&hellip;  <a href=\"https:\/\/agora.xtec.cat\/ceipparealgue\/general\/anem-al-teatre-el-vol-de-les-papallones\/\" title=\"Read ANEM AL TEATRE: EL VOL DE LES PAPALLONES\">Llegeix m\u00e9s\u00bb<\/a><\/p>\n","protected":false},"author":50,"featured_media":0,"comment_status":"open","ping_status":"closed","sticky":false,"template":"","format":"standard","meta":{"_bbp_topic_count":0,"_bbp_reply_count":0,"_bbp_total_topic_count":0,"_bbp_total_reply_count":0,"_bbp_voice_count":0,"_bbp_anonymous_reply_count":0,"_bbp_topic_count_hidden":0,"_bbp_reply_count_hidden":0,"_bbp_forum_subforum_count":0,"footnotes":""},"categories":[1,4,66,68],"tags":[16,96],"class_list":["post-5934","post","type-post","status-publish","format-standard","hentry","category-general","category-portada","category-66","category-68","tag-sortides","tag-teatre"],"post_mailing_queue_ids":[],"_links":{"self":[{"href":"https:\/\/agora.xtec.cat\/ceipparealgue\/wp-json\/wp\/v2\/posts\/5934","targetHints":{"allow":["GET"]}}],"collection":[{"href":"https:\/\/agora.xtec.cat\/ceipparealgue\/wp-json\/wp\/v2\/posts"}],"about":[{"href":"https:\/\/agora.xtec.cat\/ceipparealgue\/wp-json\/wp\/v2\/types\/post"}],"author":[{"embeddable":true,"href":"https:\/\/agora.xtec.cat\/ceipparealgue\/wp-json\/wp\/v2\/users\/50"}],"replies":[{"embeddable":true,"href":"https:\/\/agora.xtec.cat\/ceipparealgue\/wp-json\/wp\/v2\/comments?post=5934"}],"version-history":[{"count":4,"href":"https:\/\/agora.xtec.cat\/ceipparealgue\/wp-json\/wp\/v2\/posts\/5934\/revisions"}],"predecessor-version":[{"id":5938,"href":"https:\/\/agora.xtec.cat\/ceipparealgue\/wp-json\/wp\/v2\/posts\/5934\/revisions\/5938"}],"wp:attachment":[{"href":"https:\/\/agora.xtec.cat\/ceipparealgue\/wp-json\/wp\/v2\/media?parent=5934"}],"wp:term":[{"taxonomy":"category","embeddable":true,"href":"https:\/\/agora.xtec.cat\/ceipparealgue\/wp-json\/wp\/v2\/categories?post=5934"},{"taxonomy":"post_tag","embeddable":true,"href":"https:\/\/agora.xtec.cat\/ceipparealgue\/wp-json\/wp\/v2\/tags?post=5934"}],"curies":[{"name":"wp","href":"https:\/\/api.w.org\/{rel}","templated":true}]}}