{"id":5932,"date":"2025-02-17T13:58:25","date_gmt":"2025-02-17T12:58:25","guid":{"rendered":"https:\/\/agora.xtec.cat\/ceipparealgue\/?p=5932"},"modified":"2025-02-17T13:59:52","modified_gmt":"2025-02-17T12:59:52","slug":"radio-pare-algue","status":"publish","type":"post","link":"https:\/\/agora.xtec.cat\/ceipparealgue\/general\/radio-pare-algue\/","title":{"rendered":"R\u00c0DIO PARE ALGU\u00c9"},"content":{"rendered":"<p>Aquest 2025 hem engegat a l&#8217;escola el nou projecte interdisciplinari de R\u00e0dio, tot fent \u00fas dels dispositius donats pel departament en la maleta audiovisual.<\/p>\n<p>Els nens i nenes de P5 i P6 s\u00f3n els conductors del programa i la resta de cursos fan col\u00b7laboracions tot creant la resta de seccions: la meteorologia, les endevinalles, les efem\u00e8rides, els aniversaris, etc.<\/p>\n<p>Per escoltar el primer programa de R\u00e0dio Pare Algu\u00e9 feu clic a sota:<\/p>\n<p><a href=\"https:\/\/drive.google.com\/file\/d\/118ZAQNw3Nl0uiSA6xLt8jmFLgYlltlh-\/view?usp=drive_link\">Programa 1<\/a><\/p>\n","protected":false},"excerpt":{"rendered":"<p>Aquest 2025 hem engegat a l&#8217;escola el nou projecte interdisciplinari de R\u00e0dio, tot fent \u00fas dels dispositius donats pel departament en la maleta audiovisual.<br \/>\nEls nens i nenes de P5 i P6 s\u00f3n els conductors del programa i la resta de cursos fan col\u00b7laboracions tot creant&hellip;  <a href=\"https:\/\/agora.xtec.cat\/ceipparealgue\/general\/radio-pare-algue\/\" title=\"Read R\u00c0DIO PARE ALGU\u00c9\">Llegeix m\u00e9s\u00bb<\/a><\/p>\n","protected":false},"author":1,"featured_media":0,"comment_status":"open","ping_status":"closed","sticky":false,"template":"","format":"standard","meta":{"_bbp_topic_count":0,"_bbp_reply_count":0,"_bbp_total_topic_count":0,"_bbp_total_reply_count":0,"_bbp_voice_count":0,"_bbp_anonymous_reply_count":0,"_bbp_topic_count_hidden":0,"_bbp_reply_count_hidden":0,"_bbp_forum_subforum_count":0,"footnotes":""},"categories":[1,4],"tags":[95],"class_list":["post-5932","post","type-post","status-publish","format-standard","hentry","category-general","category-portada","tag-radio"],"post_mailing_queue_ids":[],"_links":{"self":[{"href":"https:\/\/agora.xtec.cat\/ceipparealgue\/wp-json\/wp\/v2\/posts\/5932","targetHints":{"allow":["GET"]}}],"collection":[{"href":"https:\/\/agora.xtec.cat\/ceipparealgue\/wp-json\/wp\/v2\/posts"}],"about":[{"href":"https:\/\/agora.xtec.cat\/ceipparealgue\/wp-json\/wp\/v2\/types\/post"}],"author":[{"embeddable":true,"href":"https:\/\/agora.xtec.cat\/ceipparealgue\/wp-json\/wp\/v2\/users\/1"}],"replies":[{"embeddable":true,"href":"https:\/\/agora.xtec.cat\/ceipparealgue\/wp-json\/wp\/v2\/comments?post=5932"}],"version-history":[{"count":1,"href":"https:\/\/agora.xtec.cat\/ceipparealgue\/wp-json\/wp\/v2\/posts\/5932\/revisions"}],"predecessor-version":[{"id":5933,"href":"https:\/\/agora.xtec.cat\/ceipparealgue\/wp-json\/wp\/v2\/posts\/5932\/revisions\/5933"}],"wp:attachment":[{"href":"https:\/\/agora.xtec.cat\/ceipparealgue\/wp-json\/wp\/v2\/media?parent=5932"}],"wp:term":[{"taxonomy":"category","embeddable":true,"href":"https:\/\/agora.xtec.cat\/ceipparealgue\/wp-json\/wp\/v2\/categories?post=5932"},{"taxonomy":"post_tag","embeddable":true,"href":"https:\/\/agora.xtec.cat\/ceipparealgue\/wp-json\/wp\/v2\/tags?post=5932"}],"curies":[{"name":"wp","href":"https:\/\/api.w.org\/{rel}","templated":true}]}}