{"id":5876,"date":"2025-01-22T14:08:57","date_gmt":"2025-01-22T13:08:57","guid":{"rendered":"https:\/\/agora.xtec.cat\/ceipparealgue\/?p=5876"},"modified":"2025-01-23T12:13:48","modified_gmt":"2025-01-23T11:13:48","slug":"visitem-la-fabrica-de-xocolata-simon-coll","status":"publish","type":"post","link":"https:\/\/agora.xtec.cat\/ceipparealgue\/general\/visitem-la-fabrica-de-xocolata-simon-coll\/","title":{"rendered":"VISITEM LA F\u00c0BRICA DE XOCOLATA SIM\u00d3N COLL"},"content":{"rendered":"<p>Aquest dimarts 21 de gener els infants de Cicle Inicial vam anar a visitar la f\u00e0brica de xocolata Sim\u00f3n Coll a Sant Sadurn\u00ed d&#8217;Anoia.<\/p>\n<p>Ens van explicar tot el proc\u00e9s per l&#8217;elaboraci\u00f3 de la xocolata i com a la f\u00e0brica fan les xocolatines i mones que venen a les botigues.<\/p>\n<p>Tamb\u00e9 ens van explicar els ingredients que s&#8217;utilitzen per fer els tres tipus de xocolata: xocolata negra, amb llet i blanca.<\/p>\n<p>Vam fer una degustaci\u00f3 de les tres xocolates i ho vam gaudir molt\u00edssim!<\/p>\n<p><em>Cliqueu a la foto per accedir a l&#8217;\u00e0lbum.<\/em><\/p>\n<p><a href=\"https:\/\/photos.app.goo.gl\/HBoxNoe98QNCzBBj6\"><img loading=\"lazy\" decoding=\"async\" class=\"wp-image-5877 aligncenter\" src=\"https:\/\/agora.xtec.cat\/ceipparealgue\/wp-content\/uploads\/usu157\/2025\/01\/IMG_6076-2-scaled.jpg\" alt=\"\" width=\"528\" height=\"396\" srcset=\"https:\/\/agora.xtec.cat\/ceipparealgue\/wp-content\/uploads\/usu157\/2025\/01\/IMG_6076-2-scaled.jpg 2560w, https:\/\/agora.xtec.cat\/ceipparealgue\/wp-content\/uploads\/usu157\/2025\/01\/IMG_6076-2-300x225.jpg 300w, https:\/\/agora.xtec.cat\/ceipparealgue\/wp-content\/uploads\/usu157\/2025\/01\/IMG_6076-2-1024x768.jpg 1024w, https:\/\/agora.xtec.cat\/ceipparealgue\/wp-content\/uploads\/usu157\/2025\/01\/IMG_6076-2-768x576.jpg 768w, https:\/\/agora.xtec.cat\/ceipparealgue\/wp-content\/uploads\/usu157\/2025\/01\/IMG_6076-2-1536x1152.jpg 1536w, https:\/\/agora.xtec.cat\/ceipparealgue\/wp-content\/uploads\/usu157\/2025\/01\/IMG_6076-2-2048x1536.jpg 2048w, https:\/\/agora.xtec.cat\/ceipparealgue\/wp-content\/uploads\/usu157\/2025\/01\/IMG_6076-2-200x150.jpg 200w\" sizes=\"auto, (max-width: 528px) 100vw, 528px\" \/><\/a><\/p>\n","protected":false},"excerpt":{"rendered":"<p>Aquest dimarts 21 de gener els infants de Cicle Inicial vam anar a visitar la f\u00e0brica de xocolata Sim\u00f3n Coll a Sant Sadurn\u00ed d&#8217;Anoia.<br \/>\nEns van explicar tot el proc\u00e9s per l&#8217;elaboraci\u00f3 de la xocolata i com a la f\u00e0brica fan les xocolatines i mones que&hellip;  <a href=\"https:\/\/agora.xtec.cat\/ceipparealgue\/general\/visitem-la-fabrica-de-xocolata-simon-coll\/\" title=\"Read VISITEM LA F\u00c0BRICA DE XOCOLATA SIM\u00d3N COLL\">Llegeix m\u00e9s\u00bb<\/a><\/p>\n","protected":false},"author":50,"featured_media":0,"comment_status":"open","ping_status":"closed","sticky":false,"template":"","format":"standard","meta":{"_bbp_topic_count":0,"_bbp_reply_count":0,"_bbp_total_topic_count":0,"_bbp_total_reply_count":0,"_bbp_voice_count":0,"_bbp_anonymous_reply_count":0,"_bbp_topic_count_hidden":0,"_bbp_reply_count_hidden":0,"_bbp_forum_subforum_count":0,"footnotes":""},"categories":[1,5,66,68],"tags":[16],"class_list":["post-5876","post","type-post","status-publish","format-standard","hentry","category-general","category-primaria","category-66","category-68","tag-sortides"],"post_mailing_queue_ids":[],"_links":{"self":[{"href":"https:\/\/agora.xtec.cat\/ceipparealgue\/wp-json\/wp\/v2\/posts\/5876","targetHints":{"allow":["GET"]}}],"collection":[{"href":"https:\/\/agora.xtec.cat\/ceipparealgue\/wp-json\/wp\/v2\/posts"}],"about":[{"href":"https:\/\/agora.xtec.cat\/ceipparealgue\/wp-json\/wp\/v2\/types\/post"}],"author":[{"embeddable":true,"href":"https:\/\/agora.xtec.cat\/ceipparealgue\/wp-json\/wp\/v2\/users\/50"}],"replies":[{"embeddable":true,"href":"https:\/\/agora.xtec.cat\/ceipparealgue\/wp-json\/wp\/v2\/comments?post=5876"}],"version-history":[{"count":6,"href":"https:\/\/agora.xtec.cat\/ceipparealgue\/wp-json\/wp\/v2\/posts\/5876\/revisions"}],"predecessor-version":[{"id":5890,"href":"https:\/\/agora.xtec.cat\/ceipparealgue\/wp-json\/wp\/v2\/posts\/5876\/revisions\/5890"}],"wp:attachment":[{"href":"https:\/\/agora.xtec.cat\/ceipparealgue\/wp-json\/wp\/v2\/media?parent=5876"}],"wp:term":[{"taxonomy":"category","embeddable":true,"href":"https:\/\/agora.xtec.cat\/ceipparealgue\/wp-json\/wp\/v2\/categories?post=5876"},{"taxonomy":"post_tag","embeddable":true,"href":"https:\/\/agora.xtec.cat\/ceipparealgue\/wp-json\/wp\/v2\/tags?post=5876"}],"curies":[{"name":"wp","href":"https:\/\/api.w.org\/{rel}","templated":true}]}}