{"id":5855,"date":"2025-01-08T21:13:07","date_gmt":"2025-01-08T20:13:07","guid":{"rendered":"https:\/\/agora.xtec.cat\/ceipparealgue\/?p=5855"},"modified":"2025-01-27T21:54:47","modified_gmt":"2025-01-27T20:54:47","slug":"el-mon-fantastic-de-la-piki","status":"publish","type":"post","link":"https:\/\/agora.xtec.cat\/ceipparealgue\/general\/el-mon-fantastic-de-la-piki\/","title":{"rendered":"EL M\u00d3N FANT\u00c0STIC DE LA PIKI"},"content":{"rendered":"<p>Avui ha vingut la Piki a la classe de 1r. La Piki \u00e9s una noia alegre i una mica despistada. Li agraden tant els llibres i els contes, que un cop al mes vindr\u00e0 i ens explicar\u00e0 una nova hist\u00f2ria.<\/p>\n<p style=\"text-align: justify\">Ens ha agradat molt el conte d&#8217;avui: <strong><em>L&#8217;ovelleta que va venir a sopar. <\/em><\/strong>Un cop explicat el conte, ens ha proposat fer un petit rac\u00f3 a la classe que es dir\u00e0 <strong>El rac\u00f3 de la Piki,\u00a0<\/strong>on posarem els reptes que ens proposa.<\/p>\n<p>Aquesta activitat forma part del <em>Pla educatiu d&#8217;entorn de Manresa.<\/em><\/p>\n<p><em> <a href=\"https:\/\/photos.google.com\/album\/AF1QipPd7LnnAbU977KfHOoKW4yNafS9ebkxmnfeh6c_\"><img loading=\"lazy\" decoding=\"async\" class=\"wp-image-5857 aligncenter\" src=\"https:\/\/agora.xtec.cat\/ceipparealgue\/wp-content\/uploads\/usu157\/2025\/01\/LA-PIKI.jpg\" alt=\"\" width=\"461\" height=\"369\" srcset=\"https:\/\/agora.xtec.cat\/ceipparealgue\/wp-content\/uploads\/usu157\/2025\/01\/LA-PIKI.jpg 2000w, https:\/\/agora.xtec.cat\/ceipparealgue\/wp-content\/uploads\/usu157\/2025\/01\/LA-PIKI-300x240.jpg 300w, https:\/\/agora.xtec.cat\/ceipparealgue\/wp-content\/uploads\/usu157\/2025\/01\/LA-PIKI-1024x819.jpg 1024w, https:\/\/agora.xtec.cat\/ceipparealgue\/wp-content\/uploads\/usu157\/2025\/01\/LA-PIKI-768x614.jpg 768w, https:\/\/agora.xtec.cat\/ceipparealgue\/wp-content\/uploads\/usu157\/2025\/01\/LA-PIKI-1536x1229.jpg 1536w\" sizes=\"auto, (max-width: 461px) 100vw, 461px\" \/><\/a><\/em><\/p>\n<p>&nbsp;<\/p>\n","protected":false},"excerpt":{"rendered":"<p>Avui ha vingut la Piki a la classe de 1r. La Piki \u00e9s una noia alegre i una mica despistada. Li agraden tant els llibres i els contes, que un cop al mes vindr\u00e0 i ens explicar\u00e0 una nova hist\u00f2ria.<br \/>\nEns ha agradat molt el conte&hellip;  <a href=\"https:\/\/agora.xtec.cat\/ceipparealgue\/general\/el-mon-fantastic-de-la-piki\/\" title=\"Read EL M\u00d3N FANT\u00c0STIC DE LA PIKI\">Llegeix m\u00e9s\u00bb<\/a><\/p>\n","protected":false},"author":50,"featured_media":0,"comment_status":"open","ping_status":"closed","sticky":false,"template":"","format":"standard","meta":{"_bbp_topic_count":0,"_bbp_reply_count":0,"_bbp_total_topic_count":0,"_bbp_total_reply_count":0,"_bbp_voice_count":0,"_bbp_anonymous_reply_count":0,"_bbp_topic_count_hidden":0,"_bbp_reply_count_hidden":0,"_bbp_forum_subforum_count":0,"footnotes":""},"categories":[1,4,68],"tags":[91,92],"class_list":["post-5855","post","type-post","status-publish","format-standard","hentry","category-general","category-portada","category-68","tag-el-mon-de-la-piki","tag-llengua"],"post_mailing_queue_ids":[],"_links":{"self":[{"href":"https:\/\/agora.xtec.cat\/ceipparealgue\/wp-json\/wp\/v2\/posts\/5855","targetHints":{"allow":["GET"]}}],"collection":[{"href":"https:\/\/agora.xtec.cat\/ceipparealgue\/wp-json\/wp\/v2\/posts"}],"about":[{"href":"https:\/\/agora.xtec.cat\/ceipparealgue\/wp-json\/wp\/v2\/types\/post"}],"author":[{"embeddable":true,"href":"https:\/\/agora.xtec.cat\/ceipparealgue\/wp-json\/wp\/v2\/users\/50"}],"replies":[{"embeddable":true,"href":"https:\/\/agora.xtec.cat\/ceipparealgue\/wp-json\/wp\/v2\/comments?post=5855"}],"version-history":[{"count":5,"href":"https:\/\/agora.xtec.cat\/ceipparealgue\/wp-json\/wp\/v2\/posts\/5855\/revisions"}],"predecessor-version":[{"id":5899,"href":"https:\/\/agora.xtec.cat\/ceipparealgue\/wp-json\/wp\/v2\/posts\/5855\/revisions\/5899"}],"wp:attachment":[{"href":"https:\/\/agora.xtec.cat\/ceipparealgue\/wp-json\/wp\/v2\/media?parent=5855"}],"wp:term":[{"taxonomy":"category","embeddable":true,"href":"https:\/\/agora.xtec.cat\/ceipparealgue\/wp-json\/wp\/v2\/categories?post=5855"},{"taxonomy":"post_tag","embeddable":true,"href":"https:\/\/agora.xtec.cat\/ceipparealgue\/wp-json\/wp\/v2\/tags?post=5855"}],"curies":[{"name":"wp","href":"https:\/\/api.w.org\/{rel}","templated":true}]}}