{"id":5803,"date":"2024-11-30T07:33:47","date_gmt":"2024-11-30T06:33:47","guid":{"rendered":"https:\/\/agora.xtec.cat\/ceipparealgue\/?p=5803"},"modified":"2024-11-30T07:33:47","modified_gmt":"2024-11-30T06:33:47","slug":"la-poesia-es-divertida-p5","status":"publish","type":"post","link":"https:\/\/agora.xtec.cat\/ceipparealgue\/general\/la-poesia-es-divertida-p5\/","title":{"rendered":"La poesia \u00e9s divertida! (P5)"},"content":{"rendered":"<p>Hola a tothom!<\/p>\n<p>Aquest trimestre, a cinqu\u00e8 d&#8217;educaci\u00f3 prim\u00e0ria, hem fet un recorregut en el m\u00f3n de la poesia, descobrint diferents escriptors i escriptores. Hem descobert diferents elements i caracter\u00edstiques po\u00e8tiques, anant de de la poesia m\u00e9s convencional, fins als cal\u00b7ligrames, la poesia musicalitzada, la poesia visual&#8230;, entre d&#8217;altres. Ens hem convertit en escriptors i escriptores, per\u00f2 tamb\u00e9 en actors i actrius, representant poemes amb un to humor\u00edstic i divertit del poemari <em>Operaci\u00f3 Xauxa!<\/em> de Montserrat Costas. D&#8217;aquesta manera, hem esbrinat que la poesia \u00e9s molt divertida! Per tal que els nostres fillols i filloles de lectura tamb\u00e9 en formessin part d&#8217;aquesta experi\u00e8ncia, els hem fet dos obsequis literaris que els han agradat molt: un llibre de cal\u00b7ligrames i de poesies visuals i un recull de poemes dramatitzats i musicalitzats. A continuaci\u00f3, podeu veure algunes imatges del proc\u00e9s i el v\u00eddeo final: no us el podeu perdre!<\/p>\n<p><a href=\"https:\/\/photos.app.goo.gl\/uKq6vrpwbA8q627bA\">Imatges del proc\u00e9s i v\u00eddeo final<\/a><\/p>\n<p>Per finalitzar, volem agrair a les nostres fam\u00edlies perqu\u00e8 ens van ajudar molt a crear les disfresses i els elements que necessit\u00e0vem per teatralitzar els poemes que vam triar en petit grup, a m\u00e9s d&#8217;animar-nos molt durant els assajos. Moltes gr\u00e0cies!<\/p>\n","protected":false},"excerpt":{"rendered":"<p>Hola a tothom!<br \/>\nAquest trimestre, a cinqu\u00e8 d&#8217;educaci\u00f3 prim\u00e0ria, hem fet un recorregut en el m\u00f3n de la poesia, descobrint diferents escriptors i escriptores. Hem descobert diferents elements i caracter\u00edstiques po\u00e8tiques, anant de de la poesia m\u00e9s convencional, fins als cal\u00b7ligrames, la poesia musicalitzada, la poesia&hellip;  <a href=\"https:\/\/agora.xtec.cat\/ceipparealgue\/general\/la-poesia-es-divertida-p5\/\" title=\"Read La poesia \u00e9s divertida! (P5)\">Llegeix m\u00e9s\u00bb<\/a><\/p>\n","protected":false},"author":52,"featured_media":0,"comment_status":"open","ping_status":"closed","sticky":false,"template":"","format":"standard","meta":{"_bbp_topic_count":0,"_bbp_reply_count":0,"_bbp_total_topic_count":0,"_bbp_total_reply_count":0,"_bbp_voice_count":0,"_bbp_anonymous_reply_count":0,"_bbp_topic_count_hidden":0,"_bbp_reply_count_hidden":0,"_bbp_forum_subforum_count":0,"footnotes":""},"categories":[1,4,5,9],"tags":[],"class_list":["post-5803","post","type-post","status-publish","format-standard","hentry","category-general","category-portada","category-primaria","category-9"],"post_mailing_queue_ids":[],"_links":{"self":[{"href":"https:\/\/agora.xtec.cat\/ceipparealgue\/wp-json\/wp\/v2\/posts\/5803","targetHints":{"allow":["GET"]}}],"collection":[{"href":"https:\/\/agora.xtec.cat\/ceipparealgue\/wp-json\/wp\/v2\/posts"}],"about":[{"href":"https:\/\/agora.xtec.cat\/ceipparealgue\/wp-json\/wp\/v2\/types\/post"}],"author":[{"embeddable":true,"href":"https:\/\/agora.xtec.cat\/ceipparealgue\/wp-json\/wp\/v2\/users\/52"}],"replies":[{"embeddable":true,"href":"https:\/\/agora.xtec.cat\/ceipparealgue\/wp-json\/wp\/v2\/comments?post=5803"}],"version-history":[{"count":1,"href":"https:\/\/agora.xtec.cat\/ceipparealgue\/wp-json\/wp\/v2\/posts\/5803\/revisions"}],"predecessor-version":[{"id":5804,"href":"https:\/\/agora.xtec.cat\/ceipparealgue\/wp-json\/wp\/v2\/posts\/5803\/revisions\/5804"}],"wp:attachment":[{"href":"https:\/\/agora.xtec.cat\/ceipparealgue\/wp-json\/wp\/v2\/media?parent=5803"}],"wp:term":[{"taxonomy":"category","embeddable":true,"href":"https:\/\/agora.xtec.cat\/ceipparealgue\/wp-json\/wp\/v2\/categories?post=5803"},{"taxonomy":"post_tag","embeddable":true,"href":"https:\/\/agora.xtec.cat\/ceipparealgue\/wp-json\/wp\/v2\/tags?post=5803"}],"curies":[{"name":"wp","href":"https:\/\/api.w.org\/{rel}","templated":true}]}}