{"id":5799,"date":"2024-11-29T17:59:30","date_gmt":"2024-11-29T16:59:30","guid":{"rendered":"https:\/\/agora.xtec.cat\/ceipparealgue\/?p=5799"},"modified":"2024-11-29T18:00:36","modified_gmt":"2024-11-29T17:00:36","slug":"i5-historia-del-petit-fenix","status":"publish","type":"post","link":"https:\/\/agora.xtec.cat\/ceipparealgue\/general\/i5-historia-del-petit-fenix\/","title":{"rendered":"I5 &#8211; Hist\u00f2ria del Petit F\u00e8nix"},"content":{"rendered":"<p><span style=\"font-weight: 400\">Hola fam\u00edlies,<\/span><\/p>\n<p><span style=\"font-weight: 400\">el passat dilluns 18 de novembre, els infants de I5 vam anar al Conservatori Municipal de M\u00fasica de Manresa a veure i escoltar en el conte musical: La hist\u00f2ria del petit F\u00e8nix.<\/span><\/p>\n<p><span style=\"font-weight: 400\">A trav\u00e9s d\u2019aquest conte vam poder descobrir diferents obres com J\u00fapiter, de Gustav Holst, el Bolero de Ravel o \u201cla cova del rei de la muntanya\u201d d\u2019Edvard Grieg. Totes aquestes obres escoltant tres instruments en directe: el violoncel, la tuba i el tromb\u00f3.<\/span><\/p>\n<p><span style=\"font-weight: 400\">Vam estar molt atents i atentes, i ens ho vem passar d\u2019all\u00f2 m\u00e9s b\u00e9!<\/span><\/p>\n<p><a href=\"https:\/\/agora.xtec.cat\/ceipparealgue\/wp-content\/uploads\/usu157\/2024\/11\/Espectacle-I5-181124.jpeg\"><img loading=\"lazy\" decoding=\"async\" class=\"alignnone size-large wp-image-5800\" src=\"https:\/\/agora.xtec.cat\/ceipparealgue\/wp-content\/uploads\/usu157\/2024\/11\/Espectacle-I5-181124-1024x768.jpeg\" alt=\"\" width=\"1024\" height=\"768\" srcset=\"https:\/\/agora.xtec.cat\/ceipparealgue\/wp-content\/uploads\/usu157\/2024\/11\/Espectacle-I5-181124-1024x768.jpeg 1024w, https:\/\/agora.xtec.cat\/ceipparealgue\/wp-content\/uploads\/usu157\/2024\/11\/Espectacle-I5-181124-300x225.jpeg 300w, https:\/\/agora.xtec.cat\/ceipparealgue\/wp-content\/uploads\/usu157\/2024\/11\/Espectacle-I5-181124-768x576.jpeg 768w, https:\/\/agora.xtec.cat\/ceipparealgue\/wp-content\/uploads\/usu157\/2024\/11\/Espectacle-I5-181124-1536x1152.jpeg 1536w, https:\/\/agora.xtec.cat\/ceipparealgue\/wp-content\/uploads\/usu157\/2024\/11\/Espectacle-I5-181124-200x150.jpeg 200w, https:\/\/agora.xtec.cat\/ceipparealgue\/wp-content\/uploads\/usu157\/2024\/11\/Espectacle-I5-181124.jpeg 1600w\" sizes=\"auto, (max-width: 1024px) 100vw, 1024px\" \/><\/a> <a href=\"https:\/\/agora.xtec.cat\/ceipparealgue\/wp-content\/uploads\/usu157\/2024\/11\/Espectacle-I5-2-181124.jpeg\"><img loading=\"lazy\" decoding=\"async\" class=\"alignnone size-large wp-image-5801\" src=\"https:\/\/agora.xtec.cat\/ceipparealgue\/wp-content\/uploads\/usu157\/2024\/11\/Espectacle-I5-2-181124-768x1024.jpeg\" alt=\"\" width=\"768\" height=\"1024\" srcset=\"https:\/\/agora.xtec.cat\/ceipparealgue\/wp-content\/uploads\/usu157\/2024\/11\/Espectacle-I5-2-181124-768x1024.jpeg 768w, https:\/\/agora.xtec.cat\/ceipparealgue\/wp-content\/uploads\/usu157\/2024\/11\/Espectacle-I5-2-181124-225x300.jpeg 225w, https:\/\/agora.xtec.cat\/ceipparealgue\/wp-content\/uploads\/usu157\/2024\/11\/Espectacle-I5-2-181124-1152x1536.jpeg 1152w, https:\/\/agora.xtec.cat\/ceipparealgue\/wp-content\/uploads\/usu157\/2024\/11\/Espectacle-I5-2-181124.jpeg 1200w\" sizes=\"auto, (max-width: 768px) 100vw, 768px\" \/><\/a><\/p>\n","protected":false},"excerpt":{"rendered":"<p>Hola fam\u00edlies,<br \/>\nel passat dilluns 18 de novembre, els infants de I5 vam anar al Conservatori Municipal de M\u00fasica de Manresa a veure i escoltar en el conte musical: La hist\u00f2ria del petit F\u00e8nix.<br \/>\nA trav\u00e9s d\u2019aquest conte vam poder descobrir diferents obres com J\u00fapiter, de Gustav&hellip;  <a href=\"https:\/\/agora.xtec.cat\/ceipparealgue\/general\/i5-historia-del-petit-fenix\/\" title=\"Read I5 &#8211; Hist\u00f2ria del Petit F\u00e8nix\">Llegeix m\u00e9s\u00bb<\/a><\/p>\n","protected":false},"author":55,"featured_media":0,"comment_status":"open","ping_status":"closed","sticky":false,"template":"","format":"standard","meta":{"_bbp_topic_count":0,"_bbp_reply_count":0,"_bbp_total_topic_count":0,"_bbp_total_reply_count":0,"_bbp_voice_count":0,"_bbp_anonymous_reply_count":0,"_bbp_topic_count_hidden":0,"_bbp_reply_count_hidden":0,"_bbp_forum_subforum_count":0,"footnotes":""},"categories":[1,2,4,73],"tags":[87],"class_list":["post-5799","post","type-post","status-publish","format-standard","hentry","category-general","category-infantil","category-portada","category-promocio-2019","tag-musica"],"post_mailing_queue_ids":[],"_links":{"self":[{"href":"https:\/\/agora.xtec.cat\/ceipparealgue\/wp-json\/wp\/v2\/posts\/5799","targetHints":{"allow":["GET"]}}],"collection":[{"href":"https:\/\/agora.xtec.cat\/ceipparealgue\/wp-json\/wp\/v2\/posts"}],"about":[{"href":"https:\/\/agora.xtec.cat\/ceipparealgue\/wp-json\/wp\/v2\/types\/post"}],"author":[{"embeddable":true,"href":"https:\/\/agora.xtec.cat\/ceipparealgue\/wp-json\/wp\/v2\/users\/55"}],"replies":[{"embeddable":true,"href":"https:\/\/agora.xtec.cat\/ceipparealgue\/wp-json\/wp\/v2\/comments?post=5799"}],"version-history":[{"count":1,"href":"https:\/\/agora.xtec.cat\/ceipparealgue\/wp-json\/wp\/v2\/posts\/5799\/revisions"}],"predecessor-version":[{"id":5802,"href":"https:\/\/agora.xtec.cat\/ceipparealgue\/wp-json\/wp\/v2\/posts\/5799\/revisions\/5802"}],"wp:attachment":[{"href":"https:\/\/agora.xtec.cat\/ceipparealgue\/wp-json\/wp\/v2\/media?parent=5799"}],"wp:term":[{"taxonomy":"category","embeddable":true,"href":"https:\/\/agora.xtec.cat\/ceipparealgue\/wp-json\/wp\/v2\/categories?post=5799"},{"taxonomy":"post_tag","embeddable":true,"href":"https:\/\/agora.xtec.cat\/ceipparealgue\/wp-json\/wp\/v2\/tags?post=5799"}],"curies":[{"name":"wp","href":"https:\/\/api.w.org\/{rel}","templated":true}]}}