{"id":5788,"date":"2024-11-28T16:22:22","date_gmt":"2024-11-28T15:22:22","guid":{"rendered":"https:\/\/agora.xtec.cat\/ceipparealgue\/?p=5788"},"modified":"2024-11-28T16:22:22","modified_gmt":"2024-11-28T15:22:22","slug":"ambients-daprenentatge-i3-i4-i-i5","status":"publish","type":"post","link":"https:\/\/agora.xtec.cat\/ceipparealgue\/infantil\/ambients-daprenentatge-i3-i4-i-i5\/","title":{"rendered":"AMBIENTS D&#8217;APRENENTATGE &#8211; I3, I4 i I5"},"content":{"rendered":"<p>HOLA FAM\u00cdLIES,<\/p>\n<p>Els infants d&#8217;educaci\u00f3 infantil cada dia de 11:45 a 12:45 fan ambients. Estan barrejats els nens i nenes d&#8217;i3, i4 i i5 en 6 grups. Aquests grups van passant pels diferents ambients, cada setmana els toca un ambient diferent.<\/p>\n<p>Anem a explicar una mica que s\u00f3n els ambients: s\u00f3n espais creats i dissenyats pels mestres pensats per connectar amb els\u00a0interessos i les inquietuds dels infants. Permeten construir\u00a0els\u00a0seus propis aprenentatges a partir del joc, l&#8217;experimentaci\u00f3, la relaci\u00f3 i comunicaci\u00f3 amb\u00a0els\u00a0altres.<\/p>\n<p>Aquest curs els 6 ambients que hem proposat s\u00f3n:<\/p>\n<ul>\n<li>L&#8217;AMBIENT DE BIBLIOTECA<\/li>\n<\/ul>\n<p>Un espai on els infants a partir dels contes descobreixen el m\u00f3n que els envolta.<\/p>\n<p><a href=\"https:\/\/agora.xtec.cat\/ceipparealgue\/wp-content\/uploads\/usu157\/2024\/11\/9CE596A6-2B58-451F-B46A-746799925F06-COLLAGE.jpg\"><img loading=\"lazy\" decoding=\"async\" class=\"size-large wp-image-5790\" src=\"https:\/\/agora.xtec.cat\/ceipparealgue\/wp-content\/uploads\/usu157\/2024\/11\/9CE596A6-2B58-451F-B46A-746799925F06-COLLAGE-576x1024.jpg\" alt=\"\" width=\"576\" height=\"1024\" srcset=\"https:\/\/agora.xtec.cat\/ceipparealgue\/wp-content\/uploads\/usu157\/2024\/11\/9CE596A6-2B58-451F-B46A-746799925F06-COLLAGE-576x1024.jpg 576w, https:\/\/agora.xtec.cat\/ceipparealgue\/wp-content\/uploads\/usu157\/2024\/11\/9CE596A6-2B58-451F-B46A-746799925F06-COLLAGE-169x300.jpg 169w, https:\/\/agora.xtec.cat\/ceipparealgue\/wp-content\/uploads\/usu157\/2024\/11\/9CE596A6-2B58-451F-B46A-746799925F06-COLLAGE-768x1366.jpg 768w, https:\/\/agora.xtec.cat\/ceipparealgue\/wp-content\/uploads\/usu157\/2024\/11\/9CE596A6-2B58-451F-B46A-746799925F06-COLLAGE-864x1536.jpg 864w, https:\/\/agora.xtec.cat\/ceipparealgue\/wp-content\/uploads\/usu157\/2024\/11\/9CE596A6-2B58-451F-B46A-746799925F06-COLLAGE.jpg 984w\" sizes=\"auto, (max-width: 576px) 100vw, 576px\" \/><\/a><\/p>\n<ul>\n<li>L&#8217;AMBIENT D&#8217;ART<\/li>\n<\/ul>\n<p>Un espai on els infants realitzen les seves creacions a partir de la manipulaci\u00f3 i les t\u00e8cniques pl\u00e0stiques amb diferents materials.<\/p>\n<p><a href=\"https:\/\/agora.xtec.cat\/ceipparealgue\/wp-content\/uploads\/usu157\/2024\/11\/B6E70C0C-4E33-4732-8CC0-09D249537BBF-COLLAGE.jpg\"><img loading=\"lazy\" decoding=\"async\" class=\"size-large wp-image-5792\" src=\"https:\/\/agora.xtec.cat\/ceipparealgue\/wp-content\/uploads\/usu157\/2024\/11\/B6E70C0C-4E33-4732-8CC0-09D249537BBF-COLLAGE-576x1024.jpg\" alt=\"\" width=\"576\" height=\"1024\" srcset=\"https:\/\/agora.xtec.cat\/ceipparealgue\/wp-content\/uploads\/usu157\/2024\/11\/B6E70C0C-4E33-4732-8CC0-09D249537BBF-COLLAGE-576x1024.jpg 576w, https:\/\/agora.xtec.cat\/ceipparealgue\/wp-content\/uploads\/usu157\/2024\/11\/B6E70C0C-4E33-4732-8CC0-09D249537BBF-COLLAGE-169x300.jpg 169w, https:\/\/agora.xtec.cat\/ceipparealgue\/wp-content\/uploads\/usu157\/2024\/11\/B6E70C0C-4E33-4732-8CC0-09D249537BBF-COLLAGE-768x1366.jpg 768w, https:\/\/agora.xtec.cat\/ceipparealgue\/wp-content\/uploads\/usu157\/2024\/11\/B6E70C0C-4E33-4732-8CC0-09D249537BBF-COLLAGE-864x1536.jpg 864w, https:\/\/agora.xtec.cat\/ceipparealgue\/wp-content\/uploads\/usu157\/2024\/11\/B6E70C0C-4E33-4732-8CC0-09D249537BBF-COLLAGE.jpg 984w\" sizes=\"auto, (max-width: 576px) 100vw, 576px\" \/><\/a><\/p>\n<ul>\n<li>L&#8217;AMBIENT DE PSICOMOTRICITAT<\/li>\n<\/ul>\n<p>Un espai on els infants a partir del joc posen en pr\u00e0ctica totes les habilitats motrius.<\/p>\n<p><a href=\"https:\/\/agora.xtec.cat\/ceipparealgue\/wp-content\/uploads\/usu157\/2024\/11\/6D8FD157-0D9B-4EA9-A24C-958460B65F67.jpg\"><img loading=\"lazy\" decoding=\"async\" class=\"size-large wp-image-5789\" src=\"https:\/\/agora.xtec.cat\/ceipparealgue\/wp-content\/uploads\/usu157\/2024\/11\/6D8FD157-0D9B-4EA9-A24C-958460B65F67-576x1024.jpg\" alt=\"\" width=\"576\" height=\"1024\" srcset=\"https:\/\/agora.xtec.cat\/ceipparealgue\/wp-content\/uploads\/usu157\/2024\/11\/6D8FD157-0D9B-4EA9-A24C-958460B65F67-576x1024.jpg 576w, https:\/\/agora.xtec.cat\/ceipparealgue\/wp-content\/uploads\/usu157\/2024\/11\/6D8FD157-0D9B-4EA9-A24C-958460B65F67-169x300.jpg 169w, https:\/\/agora.xtec.cat\/ceipparealgue\/wp-content\/uploads\/usu157\/2024\/11\/6D8FD157-0D9B-4EA9-A24C-958460B65F67-768x1366.jpg 768w, https:\/\/agora.xtec.cat\/ceipparealgue\/wp-content\/uploads\/usu157\/2024\/11\/6D8FD157-0D9B-4EA9-A24C-958460B65F67-864x1536.jpg 864w, https:\/\/agora.xtec.cat\/ceipparealgue\/wp-content\/uploads\/usu157\/2024\/11\/6D8FD157-0D9B-4EA9-A24C-958460B65F67.jpg 984w\" sizes=\"auto, (max-width: 576px) 100vw, 576px\" \/><\/a><\/p>\n<ul>\n<li>L&#8217;AMBIENT DE JOC SIMB\u00d2LIC<\/li>\n<\/ul>\n<p>Un espai on els infants a partir del joc interactuen entre ells i expressen les viv\u00e8ncies de la vida quotidiana.<\/p>\n<p><a href=\"https:\/\/agora.xtec.cat\/ceipparealgue\/wp-content\/uploads\/usu157\/2024\/11\/C4062835-1BBB-4211-8179-E515FE756900-COLLAGE.jpg\"><img loading=\"lazy\" decoding=\"async\" class=\"size-large wp-image-5793\" src=\"https:\/\/agora.xtec.cat\/ceipparealgue\/wp-content\/uploads\/usu157\/2024\/11\/C4062835-1BBB-4211-8179-E515FE756900-COLLAGE-576x1024.jpg\" alt=\"\" width=\"576\" height=\"1024\" srcset=\"https:\/\/agora.xtec.cat\/ceipparealgue\/wp-content\/uploads\/usu157\/2024\/11\/C4062835-1BBB-4211-8179-E515FE756900-COLLAGE-576x1024.jpg 576w, https:\/\/agora.xtec.cat\/ceipparealgue\/wp-content\/uploads\/usu157\/2024\/11\/C4062835-1BBB-4211-8179-E515FE756900-COLLAGE-169x300.jpg 169w, https:\/\/agora.xtec.cat\/ceipparealgue\/wp-content\/uploads\/usu157\/2024\/11\/C4062835-1BBB-4211-8179-E515FE756900-COLLAGE-768x1366.jpg 768w, https:\/\/agora.xtec.cat\/ceipparealgue\/wp-content\/uploads\/usu157\/2024\/11\/C4062835-1BBB-4211-8179-E515FE756900-COLLAGE-864x1536.jpg 864w, https:\/\/agora.xtec.cat\/ceipparealgue\/wp-content\/uploads\/usu157\/2024\/11\/C4062835-1BBB-4211-8179-E515FE756900-COLLAGE.jpg 984w\" sizes=\"auto, (max-width: 576px) 100vw, 576px\" \/><\/a><\/p>\n<ul>\n<li>L&#8217;AMBIENT DE LLUM I EXPERIMENTACI\u00d3<\/li>\n<\/ul>\n<p>Un espai on els infants a partir de la llum, les ombres i diferents propostes manipulatives i d&#8217;experimentaci\u00f3 descobreixen les ci\u00e8ncies.<\/p>\n<p><a href=\"https:\/\/agora.xtec.cat\/ceipparealgue\/wp-content\/uploads\/usu157\/2024\/11\/9F7EC7CF-4861-496A-B3D8-E5B410D0DCA2-COLLAGE.jpg\"><img loading=\"lazy\" decoding=\"async\" class=\"size-large wp-image-5791\" src=\"https:\/\/agora.xtec.cat\/ceipparealgue\/wp-content\/uploads\/usu157\/2024\/11\/9F7EC7CF-4861-496A-B3D8-E5B410D0DCA2-COLLAGE-576x1024.jpg\" alt=\"\" width=\"576\" height=\"1024\" srcset=\"https:\/\/agora.xtec.cat\/ceipparealgue\/wp-content\/uploads\/usu157\/2024\/11\/9F7EC7CF-4861-496A-B3D8-E5B410D0DCA2-COLLAGE-576x1024.jpg 576w, https:\/\/agora.xtec.cat\/ceipparealgue\/wp-content\/uploads\/usu157\/2024\/11\/9F7EC7CF-4861-496A-B3D8-E5B410D0DCA2-COLLAGE-169x300.jpg 169w, https:\/\/agora.xtec.cat\/ceipparealgue\/wp-content\/uploads\/usu157\/2024\/11\/9F7EC7CF-4861-496A-B3D8-E5B410D0DCA2-COLLAGE-768x1366.jpg 768w, https:\/\/agora.xtec.cat\/ceipparealgue\/wp-content\/uploads\/usu157\/2024\/11\/9F7EC7CF-4861-496A-B3D8-E5B410D0DCA2-COLLAGE-864x1536.jpg 864w, https:\/\/agora.xtec.cat\/ceipparealgue\/wp-content\/uploads\/usu157\/2024\/11\/9F7EC7CF-4861-496A-B3D8-E5B410D0DCA2-COLLAGE.jpg 984w\" sizes=\"auto, (max-width: 576px) 100vw, 576px\" \/><\/a><\/p>\n<ul>\n<li>L&#8217;AMBIENT DE CONSTRUCCIONS<\/li>\n<\/ul>\n<p>Un espai on els infants a partir de diferents materials posen en pr\u00e0ctica la seva creativitat i habilitat en l&#8217;elaboraci\u00f3 de construccions.<\/p>\n<p><a href=\"https:\/\/agora.xtec.cat\/ceipparealgue\/wp-content\/uploads\/usu157\/2024\/11\/0EA4257B-13A4-47CA-A872-24E4361396B5.jpg\"><img loading=\"lazy\" decoding=\"async\" class=\"size-large wp-image-5794\" src=\"https:\/\/agora.xtec.cat\/ceipparealgue\/wp-content\/uploads\/usu157\/2024\/11\/0EA4257B-13A4-47CA-A872-24E4361396B5-576x1024.jpg\" alt=\"\" width=\"576\" height=\"1024\" srcset=\"https:\/\/agora.xtec.cat\/ceipparealgue\/wp-content\/uploads\/usu157\/2024\/11\/0EA4257B-13A4-47CA-A872-24E4361396B5-576x1024.jpg 576w, https:\/\/agora.xtec.cat\/ceipparealgue\/wp-content\/uploads\/usu157\/2024\/11\/0EA4257B-13A4-47CA-A872-24E4361396B5-169x300.jpg 169w, https:\/\/agora.xtec.cat\/ceipparealgue\/wp-content\/uploads\/usu157\/2024\/11\/0EA4257B-13A4-47CA-A872-24E4361396B5-768x1366.jpg 768w, https:\/\/agora.xtec.cat\/ceipparealgue\/wp-content\/uploads\/usu157\/2024\/11\/0EA4257B-13A4-47CA-A872-24E4361396B5-864x1536.jpg 864w, https:\/\/agora.xtec.cat\/ceipparealgue\/wp-content\/uploads\/usu157\/2024\/11\/0EA4257B-13A4-47CA-A872-24E4361396B5.jpg 984w\" sizes=\"auto, (max-width: 576px) 100vw, 576px\" \/><\/a><\/p>\n<p>Si cliqueu aquesta paraula: <a href=\"https:\/\/photos.app.goo.gl\/3LZaRTeAyskWYpkY8\">AMBIENTS<\/a>, podreu veure totes les fotos dels ambients.<\/p>\n<p>Esperem que gaudiu de les imatges. Mestres d&#8217;educaci\u00f3 Infantil.<\/p>\n","protected":false},"excerpt":{"rendered":"<p>HOLA FAM\u00cdLIES,<br \/>\nEls infants d&#8217;educaci\u00f3 infantil cada dia de 11:45 a 12:45 fan ambients. Estan barrejats els nens i nenes d&#8217;i3, i4 i i5 en 6 grups. Aquests grups van passant pels diferents ambients, cada setmana els toca un ambient diferent.<br \/>\nAnem a explicar una mica que&hellip;  <a href=\"https:\/\/agora.xtec.cat\/ceipparealgue\/infantil\/ambients-daprenentatge-i3-i4-i-i5\/\" title=\"Read AMBIENTS D&#8217;APRENENTATGE &#8211; I3, I4 i I5\">Llegeix m\u00e9s\u00bb<\/a><\/p>\n","protected":false},"author":49,"featured_media":5796,"comment_status":"open","ping_status":"closed","sticky":false,"template":"","format":"standard","meta":{"_bbp_topic_count":0,"_bbp_reply_count":0,"_bbp_total_topic_count":0,"_bbp_total_reply_count":0,"_bbp_voice_count":0,"_bbp_anonymous_reply_count":0,"_bbp_topic_count_hidden":0,"_bbp_reply_count_hidden":0,"_bbp_forum_subforum_count":0,"footnotes":""},"categories":[2,4,73,81,83],"tags":[],"class_list":["post-5788","post","type-post","status-publish","format-standard","has-post-thumbnail","hentry","category-infantil","category-portada","category-promocio-2019","category-promocio-2020-i3","category-83"],"post_mailing_queue_ids":[],"_links":{"self":[{"href":"https:\/\/agora.xtec.cat\/ceipparealgue\/wp-json\/wp\/v2\/posts\/5788","targetHints":{"allow":["GET"]}}],"collection":[{"href":"https:\/\/agora.xtec.cat\/ceipparealgue\/wp-json\/wp\/v2\/posts"}],"about":[{"href":"https:\/\/agora.xtec.cat\/ceipparealgue\/wp-json\/wp\/v2\/types\/post"}],"author":[{"embeddable":true,"href":"https:\/\/agora.xtec.cat\/ceipparealgue\/wp-json\/wp\/v2\/users\/49"}],"replies":[{"embeddable":true,"href":"https:\/\/agora.xtec.cat\/ceipparealgue\/wp-json\/wp\/v2\/comments?post=5788"}],"version-history":[{"count":2,"href":"https:\/\/agora.xtec.cat\/ceipparealgue\/wp-json\/wp\/v2\/posts\/5788\/revisions"}],"predecessor-version":[{"id":5798,"href":"https:\/\/agora.xtec.cat\/ceipparealgue\/wp-json\/wp\/v2\/posts\/5788\/revisions\/5798"}],"wp:featuredmedia":[{"embeddable":true,"href":"https:\/\/agora.xtec.cat\/ceipparealgue\/wp-json\/wp\/v2\/media\/5796"}],"wp:attachment":[{"href":"https:\/\/agora.xtec.cat\/ceipparealgue\/wp-json\/wp\/v2\/media?parent=5788"}],"wp:term":[{"taxonomy":"category","embeddable":true,"href":"https:\/\/agora.xtec.cat\/ceipparealgue\/wp-json\/wp\/v2\/categories?post=5788"},{"taxonomy":"post_tag","embeddable":true,"href":"https:\/\/agora.xtec.cat\/ceipparealgue\/wp-json\/wp\/v2\/tags?post=5788"}],"curies":[{"name":"wp","href":"https:\/\/api.w.org\/{rel}","templated":true}]}}