{"id":5761,"date":"2024-11-18T22:24:26","date_gmt":"2024-11-18T21:24:26","guid":{"rendered":"https:\/\/agora.xtec.cat\/ceipparealgue\/?p=5761"},"modified":"2025-01-27T21:59:46","modified_gmt":"2025-01-27T20:59:46","slug":"anem-al-mercat","status":"publish","type":"post","link":"https:\/\/agora.xtec.cat\/ceipparealgue\/portada\/anem-al-mercat\/","title":{"rendered":"ANEM AL MERCAT"},"content":{"rendered":"<p>Hola fam\u00edlies,<\/p>\n<p style=\"text-align: justify\">El passat dijous dia 14, els nens i nenes de Cicle Inicial vam anar al mercat de Puigmercadal. All\u00e0 vam poder veure les\u00a0 parades i els productes que s&#8217;hi venien. Vam aprendre noms de peixos, de carns, de fruites i verdures&#8230;, un carnisser molt simp\u00e0tic, ens va ensenyar els \u00f2rgans d&#8217;un conill. Fins i tot ens va ensenyar la llengua d&#8217;un gall!!<\/p>\n<p style=\"text-align: justify\">Ens va cridar\u00a0 l&#8217;atenci\u00f3 una parada molt especial: Una mar de brossa, una parada que ens va fer reflexionar sobre l&#8217;\u00fas del pl\u00e0stic i el que triga a descompondre&#8217;s i a la necessitat de reciclar.<\/p>\n<p style=\"text-align: justify\">Tamb\u00e9 van visitar el mercat de plantes i flors. Vam veure un munt de carabasses!!!!<\/p>\n<p style=\"text-align: justify\">Podeu clicar sobre la imatge per veure una mostra de la sortida.<\/p>\n<p style=\"text-align: justify\"><a href=\"https:\/\/photos.google.com\/album\/AF1QipMygT2w50KAz7Aoizrtr_K00x6ivNKUo1qOcDtf\"><img loading=\"lazy\" decoding=\"async\" class=\"aligncenter wp-image-5762\" src=\"https:\/\/agora.xtec.cat\/ceipparealgue\/wp-content\/uploads\/usu157\/2024\/11\/IMG_0658-COLLAGE-1024x1024.jpg\" alt=\"\" width=\"468\" height=\"468\" srcset=\"https:\/\/agora.xtec.cat\/ceipparealgue\/wp-content\/uploads\/usu157\/2024\/11\/IMG_0658-COLLAGE-1024x1024.jpg 1024w, https:\/\/agora.xtec.cat\/ceipparealgue\/wp-content\/uploads\/usu157\/2024\/11\/IMG_0658-COLLAGE-300x300.jpg 300w, https:\/\/agora.xtec.cat\/ceipparealgue\/wp-content\/uploads\/usu157\/2024\/11\/IMG_0658-COLLAGE-150x150.jpg 150w, https:\/\/agora.xtec.cat\/ceipparealgue\/wp-content\/uploads\/usu157\/2024\/11\/IMG_0658-COLLAGE-768x768.jpg 768w, https:\/\/agora.xtec.cat\/ceipparealgue\/wp-content\/uploads\/usu157\/2024\/11\/IMG_0658-COLLAGE-1536x1536.jpg 1536w, https:\/\/agora.xtec.cat\/ceipparealgue\/wp-content\/uploads\/usu157\/2024\/11\/IMG_0658-COLLAGE.jpg 2046w\" sizes=\"auto, (max-width: 468px) 100vw, 468px\" \/><\/a><\/p>\n","protected":false},"excerpt":{"rendered":"<p>Hola fam\u00edlies,<br \/>\nEl passat dijous dia 14, els nens i nenes de Cicle Inicial vam anar al mercat de Puigmercadal. All\u00e0 vam poder veure les\u00a0 parades i els productes que s&#8217;hi venien. Vam aprendre noms de peixos, de carns, de fruites i verdures&#8230;, un carnisser molt&hellip;  <a href=\"https:\/\/agora.xtec.cat\/ceipparealgue\/portada\/anem-al-mercat\/\" title=\"Read ANEM AL MERCAT\">Llegeix m\u00e9s\u00bb<\/a><\/p>\n","protected":false},"author":50,"featured_media":0,"comment_status":"open","ping_status":"closed","sticky":false,"template":"","format":"standard","meta":{"_bbp_topic_count":0,"_bbp_reply_count":0,"_bbp_total_topic_count":0,"_bbp_total_reply_count":0,"_bbp_voice_count":0,"_bbp_anonymous_reply_count":0,"_bbp_topic_count_hidden":0,"_bbp_reply_count_hidden":0,"_bbp_forum_subforum_count":0,"footnotes":""},"categories":[4,68],"tags":[16],"class_list":["post-5761","post","type-post","status-publish","format-standard","hentry","category-portada","category-68","tag-sortides"],"post_mailing_queue_ids":[],"_links":{"self":[{"href":"https:\/\/agora.xtec.cat\/ceipparealgue\/wp-json\/wp\/v2\/posts\/5761","targetHints":{"allow":["GET"]}}],"collection":[{"href":"https:\/\/agora.xtec.cat\/ceipparealgue\/wp-json\/wp\/v2\/posts"}],"about":[{"href":"https:\/\/agora.xtec.cat\/ceipparealgue\/wp-json\/wp\/v2\/types\/post"}],"author":[{"embeddable":true,"href":"https:\/\/agora.xtec.cat\/ceipparealgue\/wp-json\/wp\/v2\/users\/50"}],"replies":[{"embeddable":true,"href":"https:\/\/agora.xtec.cat\/ceipparealgue\/wp-json\/wp\/v2\/comments?post=5761"}],"version-history":[{"count":7,"href":"https:\/\/agora.xtec.cat\/ceipparealgue\/wp-json\/wp\/v2\/posts\/5761\/revisions"}],"predecessor-version":[{"id":5901,"href":"https:\/\/agora.xtec.cat\/ceipparealgue\/wp-json\/wp\/v2\/posts\/5761\/revisions\/5901"}],"wp:attachment":[{"href":"https:\/\/agora.xtec.cat\/ceipparealgue\/wp-json\/wp\/v2\/media?parent=5761"}],"wp:term":[{"taxonomy":"category","embeddable":true,"href":"https:\/\/agora.xtec.cat\/ceipparealgue\/wp-json\/wp\/v2\/categories?post=5761"},{"taxonomy":"post_tag","embeddable":true,"href":"https:\/\/agora.xtec.cat\/ceipparealgue\/wp-json\/wp\/v2\/tags?post=5761"}],"curies":[{"name":"wp","href":"https:\/\/api.w.org\/{rel}","templated":true}]}}