{"id":5753,"date":"2024-11-18T22:00:58","date_gmt":"2024-11-18T21:00:58","guid":{"rendered":"https:\/\/agora.xtec.cat\/ceipparealgue\/?p=5753"},"modified":"2025-01-27T21:49:32","modified_gmt":"2025-01-27T20:49:32","slug":"preparem-la-castanyada","status":"publish","type":"post","link":"https:\/\/agora.xtec.cat\/ceipparealgue\/portada\/preparem-la-castanyada\/","title":{"rendered":"PREPAREM LA CASTANYADA"},"content":{"rendered":"<p>Hola fam\u00edlies,<\/p>\n<p style=\"text-align: justify\">Enguany per celebrar la Castanyada,\u00a0 a m\u00e9s de menjar castanyes i fer unes danses, hem fet la decoraci\u00f3 de moniatos. Els infants de 1r\u00a0 han gaudit molt amb aquesta activitat i han deixat volar la seva imaginaci\u00f3. Han sortit moniatos d&#8217;all\u00f2 m\u00e9s divertits.<\/p>\n<p style=\"text-align: justify\">Si cliqueu sobre la imatge, podreu veure el resultat.<a href=\"https:\/\/photos.google.com\/album\/AF1QipNQiIhK61_g0DkLeU5pnvQh1DdQWIXHVlpl5zk0\"><img loading=\"lazy\" decoding=\"async\" class=\"aligncenter wp-image-5758\" src=\"https:\/\/agora.xtec.cat\/ceipparealgue\/wp-content\/uploads\/usu157\/2024\/11\/Copia-de-Montserrat-1-1024x819.jpg\" alt=\"\" width=\"400\" height=\"320\" srcset=\"https:\/\/agora.xtec.cat\/ceipparealgue\/wp-content\/uploads\/usu157\/2024\/11\/Copia-de-Montserrat-1-1024x819.jpg 1024w, https:\/\/agora.xtec.cat\/ceipparealgue\/wp-content\/uploads\/usu157\/2024\/11\/Copia-de-Montserrat-1-300x240.jpg 300w, https:\/\/agora.xtec.cat\/ceipparealgue\/wp-content\/uploads\/usu157\/2024\/11\/Copia-de-Montserrat-1-768x614.jpg 768w, https:\/\/agora.xtec.cat\/ceipparealgue\/wp-content\/uploads\/usu157\/2024\/11\/Copia-de-Montserrat-1-1536x1229.jpg 1536w, https:\/\/agora.xtec.cat\/ceipparealgue\/wp-content\/uploads\/usu157\/2024\/11\/Copia-de-Montserrat-1.jpg 2000w\" sizes=\"auto, (max-width: 400px) 100vw, 400px\" \/><\/a><\/p>\n<p>&nbsp;<\/p>\n","protected":false},"excerpt":{"rendered":"<p>Hola fam\u00edlies,<br \/>\nEnguany per celebrar la Castanyada,\u00a0 a m\u00e9s de menjar castanyes i fer unes danses, hem fet la decoraci\u00f3 de moniatos. Els infants de 1r\u00a0 han gaudit molt amb aquesta activitat i han deixat volar la seva imaginaci\u00f3. Han sortit moniatos d&#8217;all\u00f2 m\u00e9s divertits.<br \/>\nSi cliqueu&hellip;  <a href=\"https:\/\/agora.xtec.cat\/ceipparealgue\/portada\/preparem-la-castanyada\/\" title=\"Read PREPAREM LA CASTANYADA\">Llegeix m\u00e9s\u00bb<\/a><\/p>\n","protected":false},"author":50,"featured_media":0,"comment_status":"open","ping_status":"closed","sticky":false,"template":"","format":"standard","meta":{"_bbp_topic_count":0,"_bbp_reply_count":0,"_bbp_total_topic_count":0,"_bbp_total_reply_count":0,"_bbp_voice_count":0,"_bbp_anonymous_reply_count":0,"_bbp_topic_count_hidden":0,"_bbp_reply_count_hidden":0,"_bbp_forum_subforum_count":0,"footnotes":""},"categories":[4,68],"tags":[85],"class_list":["post-5753","post","type-post","status-publish","format-standard","hentry","category-portada","category-68","tag-festes"],"post_mailing_queue_ids":[],"_links":{"self":[{"href":"https:\/\/agora.xtec.cat\/ceipparealgue\/wp-json\/wp\/v2\/posts\/5753","targetHints":{"allow":["GET"]}}],"collection":[{"href":"https:\/\/agora.xtec.cat\/ceipparealgue\/wp-json\/wp\/v2\/posts"}],"about":[{"href":"https:\/\/agora.xtec.cat\/ceipparealgue\/wp-json\/wp\/v2\/types\/post"}],"author":[{"embeddable":true,"href":"https:\/\/agora.xtec.cat\/ceipparealgue\/wp-json\/wp\/v2\/users\/50"}],"replies":[{"embeddable":true,"href":"https:\/\/agora.xtec.cat\/ceipparealgue\/wp-json\/wp\/v2\/comments?post=5753"}],"version-history":[{"count":6,"href":"https:\/\/agora.xtec.cat\/ceipparealgue\/wp-json\/wp\/v2\/posts\/5753\/revisions"}],"predecessor-version":[{"id":5895,"href":"https:\/\/agora.xtec.cat\/ceipparealgue\/wp-json\/wp\/v2\/posts\/5753\/revisions\/5895"}],"wp:attachment":[{"href":"https:\/\/agora.xtec.cat\/ceipparealgue\/wp-json\/wp\/v2\/media?parent=5753"}],"wp:term":[{"taxonomy":"category","embeddable":true,"href":"https:\/\/agora.xtec.cat\/ceipparealgue\/wp-json\/wp\/v2\/categories?post=5753"},{"taxonomy":"post_tag","embeddable":true,"href":"https:\/\/agora.xtec.cat\/ceipparealgue\/wp-json\/wp\/v2\/tags?post=5753"}],"curies":[{"name":"wp","href":"https:\/\/api.w.org\/{rel}","templated":true}]}}