{"id":5750,"date":"2024-11-14T16:32:35","date_gmt":"2024-11-14T15:32:35","guid":{"rendered":"https:\/\/agora.xtec.cat\/ceipparealgue\/?p=5750"},"modified":"2024-11-14T16:32:35","modified_gmt":"2024-11-14T15:32:35","slug":"psicomotricitat-i3-i4-i-i5","status":"publish","type":"post","link":"https:\/\/agora.xtec.cat\/ceipparealgue\/infantil\/psicomotricitat-i3-i4-i-i5\/","title":{"rendered":"PSICOMOTRICITAT: i3, i4 i i5"},"content":{"rendered":"<p>HOLA FAM\u00cdLIES,<\/p>\n<p>Aquest primer trimestre els nens i nenes d&#8217;educaci\u00f3 infantil estem gaudint molt de les sessions de psicomotricitat. Tenim molt material nou, molt divers, molt divertit i que ens ajuda a desenvolupar molt b\u00e9 totes les nostres habilitats motrius. Clican la seg\u00fcent imatge podreu veure les fotos dels infants al gimn\u00e0s gaudint de les sessions de psicomotricitat, en aquest \u00e0lbum hi anirem afegint imatges:<\/p>\n<p><a href=\"https:\/\/photos.app.goo.gl\/CoYvLLDJmGYDQNfn8\"><img loading=\"lazy\" decoding=\"async\" class=\"size-full wp-image-5751\" src=\"https:\/\/agora.xtec.cat\/ceipparealgue\/wp-content\/uploads\/usu157\/2024\/11\/AD41B999-D2CA-45D2-8392-F2828699585B.jpg\" alt=\"\" width=\"984\" height=\"984\" srcset=\"https:\/\/agora.xtec.cat\/ceipparealgue\/wp-content\/uploads\/usu157\/2024\/11\/AD41B999-D2CA-45D2-8392-F2828699585B.jpg 984w, https:\/\/agora.xtec.cat\/ceipparealgue\/wp-content\/uploads\/usu157\/2024\/11\/AD41B999-D2CA-45D2-8392-F2828699585B-300x300.jpg 300w, https:\/\/agora.xtec.cat\/ceipparealgue\/wp-content\/uploads\/usu157\/2024\/11\/AD41B999-D2CA-45D2-8392-F2828699585B-150x150.jpg 150w, https:\/\/agora.xtec.cat\/ceipparealgue\/wp-content\/uploads\/usu157\/2024\/11\/AD41B999-D2CA-45D2-8392-F2828699585B-768x768.jpg 768w\" sizes=\"auto, (max-width: 984px) 100vw, 984px\" \/><\/a><\/p>\n<p>&nbsp;<\/p>\n<p>&nbsp;<\/p>\n","protected":false},"excerpt":{"rendered":"<p>HOLA FAM\u00cdLIES,<br \/>\nAquest primer trimestre els nens i nenes d&#8217;educaci\u00f3 infantil estem gaudint molt de les sessions de psicomotricitat. Tenim molt material nou, molt divers, molt divertit i que ens ajuda a desenvolupar molt b\u00e9 totes les nostres habilitats motrius. Clican la seg\u00fcent imatge podreu veure&hellip;  <a href=\"https:\/\/agora.xtec.cat\/ceipparealgue\/infantil\/psicomotricitat-i3-i4-i-i5\/\" title=\"Read PSICOMOTRICITAT: i3, i4 i i5\">Llegeix m\u00e9s\u00bb<\/a><\/p>\n","protected":false},"author":49,"featured_media":5751,"comment_status":"open","ping_status":"closed","sticky":false,"template":"","format":"standard","meta":{"_bbp_topic_count":0,"_bbp_reply_count":0,"_bbp_total_topic_count":0,"_bbp_total_reply_count":0,"_bbp_voice_count":0,"_bbp_anonymous_reply_count":0,"_bbp_topic_count_hidden":0,"_bbp_reply_count_hidden":0,"_bbp_forum_subforum_count":0,"footnotes":""},"categories":[2,4,73,81,83],"tags":[],"class_list":["post-5750","post","type-post","status-publish","format-standard","has-post-thumbnail","hentry","category-infantil","category-portada","category-promocio-2019","category-promocio-2020-i3","category-83"],"post_mailing_queue_ids":[],"_links":{"self":[{"href":"https:\/\/agora.xtec.cat\/ceipparealgue\/wp-json\/wp\/v2\/posts\/5750","targetHints":{"allow":["GET"]}}],"collection":[{"href":"https:\/\/agora.xtec.cat\/ceipparealgue\/wp-json\/wp\/v2\/posts"}],"about":[{"href":"https:\/\/agora.xtec.cat\/ceipparealgue\/wp-json\/wp\/v2\/types\/post"}],"author":[{"embeddable":true,"href":"https:\/\/agora.xtec.cat\/ceipparealgue\/wp-json\/wp\/v2\/users\/49"}],"replies":[{"embeddable":true,"href":"https:\/\/agora.xtec.cat\/ceipparealgue\/wp-json\/wp\/v2\/comments?post=5750"}],"version-history":[{"count":1,"href":"https:\/\/agora.xtec.cat\/ceipparealgue\/wp-json\/wp\/v2\/posts\/5750\/revisions"}],"predecessor-version":[{"id":5752,"href":"https:\/\/agora.xtec.cat\/ceipparealgue\/wp-json\/wp\/v2\/posts\/5750\/revisions\/5752"}],"wp:featuredmedia":[{"embeddable":true,"href":"https:\/\/agora.xtec.cat\/ceipparealgue\/wp-json\/wp\/v2\/media\/5751"}],"wp:attachment":[{"href":"https:\/\/agora.xtec.cat\/ceipparealgue\/wp-json\/wp\/v2\/media?parent=5750"}],"wp:term":[{"taxonomy":"category","embeddable":true,"href":"https:\/\/agora.xtec.cat\/ceipparealgue\/wp-json\/wp\/v2\/categories?post=5750"},{"taxonomy":"post_tag","embeddable":true,"href":"https:\/\/agora.xtec.cat\/ceipparealgue\/wp-json\/wp\/v2\/tags?post=5750"}],"curies":[{"name":"wp","href":"https:\/\/api.w.org\/{rel}","templated":true}]}}