{"id":5746,"date":"2024-11-14T16:17:12","date_gmt":"2024-11-14T15:17:12","guid":{"rendered":"https:\/\/agora.xtec.cat\/ceipparealgue\/?p=5746"},"modified":"2024-11-14T16:17:12","modified_gmt":"2024-11-14T15:17:12","slug":"teatre-conservatori-el-lleo-vergonyos","status":"publish","type":"post","link":"https:\/\/agora.xtec.cat\/ceipparealgue\/infantil\/teatre-conservatori-el-lleo-vergonyos\/","title":{"rendered":"TEATRE CONSERVATORI: EL LLE\u00d3 VERGONY\u00d3S"},"content":{"rendered":"<p>HOLA FAM\u00cdLIES,<\/p>\n<p>El passat 8 de novembre els nens i nenes d&#8217;educaci\u00f3 infantil vam anar al teatre conservatori a veure: &#8220;El LLe\u00f3 Vergony\u00f3s&#8221; del Pot Petit. La veritat \u00e9s que vam gaudir molt ja que les can\u00e7ons del Pot Petit ens agraden i ens les coneixem molt b\u00e9. Vam veure:\u00a0 tigres, elefants, galls, cavalls, hipop\u00f2tams, mosques, &#8230; i vam riure molt.<\/p>\n<p>Aqu\u00ed teniu la can\u00e7\u00f3: <a href=\"https:\/\/youtu.be\/lYriMzzMsUw?si=kDxurXE9hAgZfFs4\">El LLe\u00f3 vergony\u00f3s<\/a><\/p>\n<p>Si cliqueu la foto podreu veure l&#8217;\u00e0lbum de fotos:<\/p>\n<div class=\"mceTemp\"><\/div>\n<p><a href=\"https:\/\/photos.app.goo.gl\/ADgJbLZFp1dcAd7y9\"><img loading=\"lazy\" decoding=\"async\" class=\"size-full wp-image-5747\" src=\"https:\/\/agora.xtec.cat\/ceipparealgue\/wp-content\/uploads\/usu157\/2024\/11\/F997DD9C-EADA-494C-B322-C7948F80A1FE.jpg\" alt=\"\" width=\"984\" height=\"984\" srcset=\"https:\/\/agora.xtec.cat\/ceipparealgue\/wp-content\/uploads\/usu157\/2024\/11\/F997DD9C-EADA-494C-B322-C7948F80A1FE.jpg 984w, https:\/\/agora.xtec.cat\/ceipparealgue\/wp-content\/uploads\/usu157\/2024\/11\/F997DD9C-EADA-494C-B322-C7948F80A1FE-300x300.jpg 300w, https:\/\/agora.xtec.cat\/ceipparealgue\/wp-content\/uploads\/usu157\/2024\/11\/F997DD9C-EADA-494C-B322-C7948F80A1FE-150x150.jpg 150w, https:\/\/agora.xtec.cat\/ceipparealgue\/wp-content\/uploads\/usu157\/2024\/11\/F997DD9C-EADA-494C-B322-C7948F80A1FE-768x768.jpg 768w\" sizes=\"auto, (max-width: 984px) 100vw, 984px\" \/><\/a><\/p>\n","protected":false},"excerpt":{"rendered":"<p>HOLA FAM\u00cdLIES,<br \/>\nEl passat 8 de novembre els nens i nenes d&#8217;educaci\u00f3 infantil vam anar al teatre conservatori a veure: &#8220;El LLe\u00f3 Vergony\u00f3s&#8221; del Pot Petit. La veritat \u00e9s que vam gaudir molt ja que les can\u00e7ons del Pot Petit ens agraden i ens les coneixem&hellip;  <a href=\"https:\/\/agora.xtec.cat\/ceipparealgue\/infantil\/teatre-conservatori-el-lleo-vergonyos\/\" title=\"Read TEATRE CONSERVATORI: EL LLE\u00d3 VERGONY\u00d3S\">Llegeix m\u00e9s\u00bb<\/a><\/p>\n","protected":false},"author":49,"featured_media":5747,"comment_status":"open","ping_status":"closed","sticky":false,"template":"","format":"standard","meta":{"_bbp_topic_count":0,"_bbp_reply_count":0,"_bbp_total_topic_count":0,"_bbp_total_reply_count":0,"_bbp_voice_count":0,"_bbp_anonymous_reply_count":0,"_bbp_topic_count_hidden":0,"_bbp_reply_count_hidden":0,"_bbp_forum_subforum_count":0,"footnotes":""},"categories":[2,4,73,81,83],"tags":[],"class_list":["post-5746","post","type-post","status-publish","format-standard","has-post-thumbnail","hentry","category-infantil","category-portada","category-promocio-2019","category-promocio-2020-i3","category-83"],"post_mailing_queue_ids":[],"_links":{"self":[{"href":"https:\/\/agora.xtec.cat\/ceipparealgue\/wp-json\/wp\/v2\/posts\/5746","targetHints":{"allow":["GET"]}}],"collection":[{"href":"https:\/\/agora.xtec.cat\/ceipparealgue\/wp-json\/wp\/v2\/posts"}],"about":[{"href":"https:\/\/agora.xtec.cat\/ceipparealgue\/wp-json\/wp\/v2\/types\/post"}],"author":[{"embeddable":true,"href":"https:\/\/agora.xtec.cat\/ceipparealgue\/wp-json\/wp\/v2\/users\/49"}],"replies":[{"embeddable":true,"href":"https:\/\/agora.xtec.cat\/ceipparealgue\/wp-json\/wp\/v2\/comments?post=5746"}],"version-history":[{"count":2,"href":"https:\/\/agora.xtec.cat\/ceipparealgue\/wp-json\/wp\/v2\/posts\/5746\/revisions"}],"predecessor-version":[{"id":5749,"href":"https:\/\/agora.xtec.cat\/ceipparealgue\/wp-json\/wp\/v2\/posts\/5746\/revisions\/5749"}],"wp:featuredmedia":[{"embeddable":true,"href":"https:\/\/agora.xtec.cat\/ceipparealgue\/wp-json\/wp\/v2\/media\/5747"}],"wp:attachment":[{"href":"https:\/\/agora.xtec.cat\/ceipparealgue\/wp-json\/wp\/v2\/media?parent=5746"}],"wp:term":[{"taxonomy":"category","embeddable":true,"href":"https:\/\/agora.xtec.cat\/ceipparealgue\/wp-json\/wp\/v2\/categories?post=5746"},{"taxonomy":"post_tag","embeddable":true,"href":"https:\/\/agora.xtec.cat\/ceipparealgue\/wp-json\/wp\/v2\/tags?post=5746"}],"curies":[{"name":"wp","href":"https:\/\/api.w.org\/{rel}","templated":true}]}}