{"id":5705,"date":"2024-10-01T19:06:27","date_gmt":"2024-10-01T17:06:27","guid":{"rendered":"https:\/\/agora.xtec.cat\/ceipparealgue\/?p=5705"},"modified":"2025-04-02T19:09:51","modified_gmt":"2025-04-02T17:09:51","slug":"visita-a-la-culla-3r","status":"publish","type":"post","link":"https:\/\/agora.xtec.cat\/ceipparealgue\/general\/visita-a-la-culla-3r\/","title":{"rendered":"VISITA A LA CULLA P3"},"content":{"rendered":"<p>Aquest mat\u00ed, els nois i noies de 3r hem anat a la casa de La Culla, a Manresa, i hem apr\u00e8s moltes coses sobre la vinya i el proc\u00e9s d\u2019elaboraci\u00f3 del vi.<\/p>\n<p>Hem vist el celler medieval i les tines del S.XIX; hem observat els ceps, hem apr\u00e8s com s\u00f3n les diferents eines que es fan servir per treballar a la vinya i, fins i tot, hem fet un empelt, hem premsat ra\u00efm i hem tastat el most amb porr\u00f3!<\/p>\n<p>Si cliqueu a la foto veureu que b\u00e9 que ens ho hem passat!<\/p>\n<p><a href=\"https:\/\/photos.app.goo.gl\/i1GQSST5UP73PpBs6\"><img loading=\"lazy\" decoding=\"async\" class=\"wp-image-5707 aligncenter\" src=\"https:\/\/agora.xtec.cat\/ceipparealgue\/wp-content\/uploads\/usu157\/2024\/10\/WhatsApp-Image-2024-10-01-at-12.00.55-1024x576.jpeg\" alt=\"\" width=\"435\" height=\"245\" srcset=\"https:\/\/agora.xtec.cat\/ceipparealgue\/wp-content\/uploads\/usu157\/2024\/10\/WhatsApp-Image-2024-10-01-at-12.00.55-1024x576.jpeg 1024w, https:\/\/agora.xtec.cat\/ceipparealgue\/wp-content\/uploads\/usu157\/2024\/10\/WhatsApp-Image-2024-10-01-at-12.00.55-300x169.jpeg 300w, https:\/\/agora.xtec.cat\/ceipparealgue\/wp-content\/uploads\/usu157\/2024\/10\/WhatsApp-Image-2024-10-01-at-12.00.55-768x432.jpeg 768w, https:\/\/agora.xtec.cat\/ceipparealgue\/wp-content\/uploads\/usu157\/2024\/10\/WhatsApp-Image-2024-10-01-at-12.00.55-1536x864.jpeg 1536w, https:\/\/agora.xtec.cat\/ceipparealgue\/wp-content\/uploads\/usu157\/2024\/10\/WhatsApp-Image-2024-10-01-at-12.00.55.jpeg 2048w\" sizes=\"auto, (max-width: 435px) 100vw, 435px\" \/><\/a><\/p>\n","protected":false},"excerpt":{"rendered":"<p>Aquest mat\u00ed, els nois i noies de 3r hem anat a la casa de La Culla, a Manresa, i hem apr\u00e8s moltes coses sobre la vinya i el proc\u00e9s d\u2019elaboraci\u00f3 del vi.<br \/>\nHem vist el celler medieval i les tines del S.XIX; hem observat els ceps,&hellip;  <a href=\"https:\/\/agora.xtec.cat\/ceipparealgue\/general\/visita-a-la-culla-3r\/\" title=\"Read VISITA A LA CULLA P3\">Llegeix m\u00e9s\u00bb<\/a><\/p>\n","protected":false},"author":51,"featured_media":0,"comment_status":"open","ping_status":"closed","sticky":false,"template":"","format":"standard","meta":{"_bbp_topic_count":0,"_bbp_reply_count":0,"_bbp_total_topic_count":0,"_bbp_total_reply_count":0,"_bbp_voice_count":0,"_bbp_anonymous_reply_count":0,"_bbp_topic_count_hidden":0,"_bbp_reply_count_hidden":0,"_bbp_forum_subforum_count":0,"footnotes":""},"categories":[1,4,5,3],"tags":[],"class_list":["post-5705","post","type-post","status-publish","format-standard","hentry","category-general","category-portada","category-primaria","category-3"],"post_mailing_queue_ids":[],"_links":{"self":[{"href":"https:\/\/agora.xtec.cat\/ceipparealgue\/wp-json\/wp\/v2\/posts\/5705","targetHints":{"allow":["GET"]}}],"collection":[{"href":"https:\/\/agora.xtec.cat\/ceipparealgue\/wp-json\/wp\/v2\/posts"}],"about":[{"href":"https:\/\/agora.xtec.cat\/ceipparealgue\/wp-json\/wp\/v2\/types\/post"}],"author":[{"embeddable":true,"href":"https:\/\/agora.xtec.cat\/ceipparealgue\/wp-json\/wp\/v2\/users\/51"}],"replies":[{"embeddable":true,"href":"https:\/\/agora.xtec.cat\/ceipparealgue\/wp-json\/wp\/v2\/comments?post=5705"}],"version-history":[{"count":5,"href":"https:\/\/agora.xtec.cat\/ceipparealgue\/wp-json\/wp\/v2\/posts\/5705\/revisions"}],"predecessor-version":[{"id":6050,"href":"https:\/\/agora.xtec.cat\/ceipparealgue\/wp-json\/wp\/v2\/posts\/5705\/revisions\/6050"}],"wp:attachment":[{"href":"https:\/\/agora.xtec.cat\/ceipparealgue\/wp-json\/wp\/v2\/media?parent=5705"}],"wp:term":[{"taxonomy":"category","embeddable":true,"href":"https:\/\/agora.xtec.cat\/ceipparealgue\/wp-json\/wp\/v2\/categories?post=5705"},{"taxonomy":"post_tag","embeddable":true,"href":"https:\/\/agora.xtec.cat\/ceipparealgue\/wp-json\/wp\/v2\/tags?post=5705"}],"curies":[{"name":"wp","href":"https:\/\/api.w.org\/{rel}","templated":true}]}}