{"id":5674,"date":"2024-06-27T17:20:29","date_gmt":"2024-06-27T15:20:29","guid":{"rendered":"https:\/\/agora.xtec.cat\/ceipparealgue\/?p=5674"},"modified":"2024-06-27T17:20:29","modified_gmt":"2024-06-27T15:20:29","slug":"comiat-6e-promocio-2012","status":"publish","type":"post","link":"https:\/\/agora.xtec.cat\/ceipparealgue\/portada\/comiat-6e-promocio-2012\/","title":{"rendered":"Comiat 6\u00e8 promoci\u00f3 2012"},"content":{"rendered":"<p>La setmana passada vam celebrar el comiat dels alumnes de sis\u00e8. Va ser un acte molt emotiu on els alumnes i mestres van dir unes paraules recordant el seu pas per l&#8217;escola, a m\u00e9s, els alumnes de cinqu\u00e8 van donar una bossa plena de detalls fets per tots els infants de l&#8217;escola a cada un dels nens i nenes de sis\u00e8. Despr\u00e9s, ho vam celebrar cantant i ballant. Tot seguit a la classe, van fer un pica-pica per tancar aquesta etapa tan bonica. Us trobarem a faltar.<\/p>\n<p><a href=\"https:\/\/photos.app.goo.gl\/7UhgunQUx6hxkCTm6\"><img loading=\"lazy\" decoding=\"async\" class=\"alignnone size-large wp-image-5675\" src=\"https:\/\/agora.xtec.cat\/ceipparealgue\/wp-content\/uploads\/usu157\/2024\/06\/IMG_0035-1024x576.jpeg\" alt=\"\" width=\"1024\" height=\"576\" srcset=\"https:\/\/agora.xtec.cat\/ceipparealgue\/wp-content\/uploads\/usu157\/2024\/06\/IMG_0035-1024x576.jpeg 1024w, https:\/\/agora.xtec.cat\/ceipparealgue\/wp-content\/uploads\/usu157\/2024\/06\/IMG_0035-300x169.jpeg 300w, https:\/\/agora.xtec.cat\/ceipparealgue\/wp-content\/uploads\/usu157\/2024\/06\/IMG_0035-768x432.jpeg 768w, https:\/\/agora.xtec.cat\/ceipparealgue\/wp-content\/uploads\/usu157\/2024\/06\/IMG_0035-1536x864.jpeg 1536w, https:\/\/agora.xtec.cat\/ceipparealgue\/wp-content\/uploads\/usu157\/2024\/06\/IMG_0035-2048x1152.jpeg 2048w\" sizes=\"auto, (max-width: 1024px) 100vw, 1024px\" \/><\/a><\/p>\n<p>&nbsp;<\/p>\n<p>&nbsp;<\/p>\n<p>&nbsp;<\/p>\n","protected":false},"excerpt":{"rendered":"<p>La setmana passada vam celebrar el comiat dels alumnes de sis\u00e8. Va ser un acte molt emotiu on els alumnes i mestres van dir unes paraules recordant el seu pas per l&#8217;escola, a m\u00e9s, els alumnes de cinqu\u00e8 van donar una bossa plena de detalls&hellip;  <a href=\"https:\/\/agora.xtec.cat\/ceipparealgue\/portada\/comiat-6e-promocio-2012\/\" title=\"Read Comiat 6\u00e8 promoci\u00f3 2012\">Llegeix m\u00e9s\u00bb<\/a><\/p>\n","protected":false},"author":1,"featured_media":0,"comment_status":"open","ping_status":"closed","sticky":false,"template":"","format":"standard","meta":{"_bbp_topic_count":0,"_bbp_reply_count":0,"_bbp_total_topic_count":0,"_bbp_total_reply_count":0,"_bbp_voice_count":0,"_bbp_anonymous_reply_count":0,"_bbp_topic_count_hidden":0,"_bbp_reply_count_hidden":0,"_bbp_forum_subforum_count":0,"footnotes":""},"categories":[4,11],"tags":[],"class_list":["post-5674","post","type-post","status-publish","format-standard","hentry","category-portada","category-11"],"post_mailing_queue_ids":[],"_links":{"self":[{"href":"https:\/\/agora.xtec.cat\/ceipparealgue\/wp-json\/wp\/v2\/posts\/5674","targetHints":{"allow":["GET"]}}],"collection":[{"href":"https:\/\/agora.xtec.cat\/ceipparealgue\/wp-json\/wp\/v2\/posts"}],"about":[{"href":"https:\/\/agora.xtec.cat\/ceipparealgue\/wp-json\/wp\/v2\/types\/post"}],"author":[{"embeddable":true,"href":"https:\/\/agora.xtec.cat\/ceipparealgue\/wp-json\/wp\/v2\/users\/1"}],"replies":[{"embeddable":true,"href":"https:\/\/agora.xtec.cat\/ceipparealgue\/wp-json\/wp\/v2\/comments?post=5674"}],"version-history":[{"count":1,"href":"https:\/\/agora.xtec.cat\/ceipparealgue\/wp-json\/wp\/v2\/posts\/5674\/revisions"}],"predecessor-version":[{"id":5676,"href":"https:\/\/agora.xtec.cat\/ceipparealgue\/wp-json\/wp\/v2\/posts\/5674\/revisions\/5676"}],"wp:attachment":[{"href":"https:\/\/agora.xtec.cat\/ceipparealgue\/wp-json\/wp\/v2\/media?parent=5674"}],"wp:term":[{"taxonomy":"category","embeddable":true,"href":"https:\/\/agora.xtec.cat\/ceipparealgue\/wp-json\/wp\/v2\/categories?post=5674"},{"taxonomy":"post_tag","embeddable":true,"href":"https:\/\/agora.xtec.cat\/ceipparealgue\/wp-json\/wp\/v2\/tags?post=5674"}],"curies":[{"name":"wp","href":"https:\/\/api.w.org\/{rel}","templated":true}]}}