{"id":5671,"date":"2024-06-25T10:33:10","date_gmt":"2024-06-25T08:33:10","guid":{"rendered":"https:\/\/agora.xtec.cat\/ceipparealgue\/?p=5671"},"modified":"2024-06-26T12:13:06","modified_gmt":"2024-06-26T10:13:06","slug":"i3-2n-festa-final-de-curs-gimcana-de-jocs","status":"publish","type":"post","link":"https:\/\/agora.xtec.cat\/ceipparealgue\/primaria\/2016\/i3-2n-festa-final-de-curs-gimcana-de-jocs\/","title":{"rendered":"i3-2n FESTA FINAL DE CURS- GIMCANA DE JOCS"},"content":{"rendered":"<p>Hola fam\u00edlies,<\/p>\n<p>En aquest article us pengem les fotos de l&#8217;\u00faltim dia de curs dels infants d&#8217;i3 a 2n. En aquest \u00faltim dia per esmorzar vam menjar pa amb xocolata, vam fer una gimcana de jocs i per \u00faltim vam menjar un gelat. Ens ho vam passar pipa, va ser un dia genial, ple d&#8217;emocions, de comiats i d&#8217;abra\u00e7ades, ens veiem el curs vinent.<\/p>\n<p>BON ESTIU!!!<\/p>\n<p>Si cliqueu la foto podreu veure l&#8217;\u00e0lbum amb totes les imatges de la festa:<\/p>\n<p><a href=\"https:\/\/photos.app.goo.gl\/xhmDrL8hVzme3Nnh8\"><img loading=\"lazy\" decoding=\"async\" class=\"alignnone size-full wp-image-5672\" src=\"https:\/\/agora.xtec.cat\/ceipparealgue\/wp-content\/uploads\/usu157\/2024\/06\/IMG_1575-2.jpg\" alt=\"\" width=\"918\" height=\"918\" srcset=\"https:\/\/agora.xtec.cat\/ceipparealgue\/wp-content\/uploads\/usu157\/2024\/06\/IMG_1575-2.jpg 918w, https:\/\/agora.xtec.cat\/ceipparealgue\/wp-content\/uploads\/usu157\/2024\/06\/IMG_1575-2-300x300.jpg 300w, https:\/\/agora.xtec.cat\/ceipparealgue\/wp-content\/uploads\/usu157\/2024\/06\/IMG_1575-2-150x150.jpg 150w, https:\/\/agora.xtec.cat\/ceipparealgue\/wp-content\/uploads\/usu157\/2024\/06\/IMG_1575-2-768x768.jpg 768w\" sizes=\"auto, (max-width: 918px) 100vw, 918px\" \/><\/a><\/p>\n<p>&nbsp;<\/p>\n<p>&nbsp;<\/p>\n<p>&nbsp;<\/p>\n","protected":false},"excerpt":{"rendered":"<p>Hola fam\u00edlies,<br \/>\nEn aquest article us pengem les fotos de l&#8217;\u00faltim dia de curs dels infants d&#8217;i3 a 2n. En aquest \u00faltim dia per esmorzar vam menjar pa amb xocolata, vam fer una gimcana de jocs i per \u00faltim vam menjar un gelat. Ens ho vam&hellip;  <a href=\"https:\/\/agora.xtec.cat\/ceipparealgue\/primaria\/2016\/i3-2n-festa-final-de-curs-gimcana-de-jocs\/\" title=\"Read i3-2n FESTA FINAL DE CURS- GIMCANA DE JOCS\">Llegeix m\u00e9s\u00bb<\/a><\/p>\n","protected":false},"author":49,"featured_media":5672,"comment_status":"open","ping_status":"closed","sticky":false,"template":"","format":"standard","meta":{"_bbp_topic_count":0,"_bbp_reply_count":0,"_bbp_total_topic_count":0,"_bbp_total_reply_count":0,"_bbp_voice_count":0,"_bbp_anonymous_reply_count":0,"_bbp_topic_count_hidden":0,"_bbp_reply_count_hidden":0,"_bbp_forum_subforum_count":0,"footnotes":""},"categories":[4,5,3,66,68,73,81],"tags":[],"class_list":["post-5671","post","type-post","status-publish","format-standard","has-post-thumbnail","hentry","category-portada","category-primaria","category-3","category-66","category-68","category-promocio-2019","category-promocio-2020-i3"],"post_mailing_queue_ids":[],"_links":{"self":[{"href":"https:\/\/agora.xtec.cat\/ceipparealgue\/wp-json\/wp\/v2\/posts\/5671","targetHints":{"allow":["GET"]}}],"collection":[{"href":"https:\/\/agora.xtec.cat\/ceipparealgue\/wp-json\/wp\/v2\/posts"}],"about":[{"href":"https:\/\/agora.xtec.cat\/ceipparealgue\/wp-json\/wp\/v2\/types\/post"}],"author":[{"embeddable":true,"href":"https:\/\/agora.xtec.cat\/ceipparealgue\/wp-json\/wp\/v2\/users\/49"}],"replies":[{"embeddable":true,"href":"https:\/\/agora.xtec.cat\/ceipparealgue\/wp-json\/wp\/v2\/comments?post=5671"}],"version-history":[{"count":1,"href":"https:\/\/agora.xtec.cat\/ceipparealgue\/wp-json\/wp\/v2\/posts\/5671\/revisions"}],"predecessor-version":[{"id":5673,"href":"https:\/\/agora.xtec.cat\/ceipparealgue\/wp-json\/wp\/v2\/posts\/5671\/revisions\/5673"}],"wp:featuredmedia":[{"embeddable":true,"href":"https:\/\/agora.xtec.cat\/ceipparealgue\/wp-json\/wp\/v2\/media\/5672"}],"wp:attachment":[{"href":"https:\/\/agora.xtec.cat\/ceipparealgue\/wp-json\/wp\/v2\/media?parent=5671"}],"wp:term":[{"taxonomy":"category","embeddable":true,"href":"https:\/\/agora.xtec.cat\/ceipparealgue\/wp-json\/wp\/v2\/categories?post=5671"},{"taxonomy":"post_tag","embeddable":true,"href":"https:\/\/agora.xtec.cat\/ceipparealgue\/wp-json\/wp\/v2\/tags?post=5671"}],"curies":[{"name":"wp","href":"https:\/\/api.w.org\/{rel}","templated":true}]}}