{"id":5638,"date":"2024-06-04T15:50:40","date_gmt":"2024-06-04T13:50:40","guid":{"rendered":"https:\/\/agora.xtec.cat\/ceipparealgue\/?p=5638"},"modified":"2024-06-06T12:54:07","modified_gmt":"2024-06-06T10:54:07","slug":"taller-anellament-docells-sise","status":"publish","type":"post","link":"https:\/\/agora.xtec.cat\/ceipparealgue\/general\/taller-anellament-docells-sise\/","title":{"rendered":"TALLER ANELLAMENT D&#8217;OCELLS SIS\u00c8"},"content":{"rendered":"<p>Bona tarda! Avui al mat\u00ed, el grup de sis\u00e8 de l&#8217;escola, hem anat a fer un taller sobre anellament d&#8217;ocells al Parc del Cardener de Manresa. Hem pogut veure diferents esp\u00e8cies d&#8217;ocells de ben a prop i observar com l&#8217;especialista feia la seva tasca: posar l&#8217;anell a l&#8217;ocell per poder tenir un control, pesar-lo, mesurar les seves plomes&#8230;, entre d&#8217;altres. Hem apr\u00e8s molt i hem gaudit d&#8217;una bona estona a la natura! A continuaci\u00f3, podeu veure algunes imatges:<\/p>\n<p><a href=\"https:\/\/photos.app.goo.gl\/VNaw6fvfb17kw1Qs5\">ANELLAMENT OCELLS SIS\u00c8<\/a><\/p>\n","protected":false},"excerpt":{"rendered":"<p>Bona tarda! Avui al mat\u00ed, el grup de sis\u00e8 de l&#8217;escola, hem anat a fer un taller sobre anellament d&#8217;ocells al Parc del Cardener de Manresa. Hem pogut veure diferents esp\u00e8cies d&#8217;ocells de ben a prop i observar com l&#8217;especialista feia la seva tasca: posar&hellip;  <a href=\"https:\/\/agora.xtec.cat\/ceipparealgue\/general\/taller-anellament-docells-sise\/\" title=\"Read TALLER ANELLAMENT D&#8217;OCELLS SIS\u00c8\">Llegeix m\u00e9s\u00bb<\/a><\/p>\n","protected":false},"author":52,"featured_media":0,"comment_status":"open","ping_status":"closed","sticky":false,"template":"","format":"standard","meta":{"_bbp_topic_count":0,"_bbp_reply_count":0,"_bbp_total_topic_count":0,"_bbp_total_reply_count":0,"_bbp_voice_count":0,"_bbp_anonymous_reply_count":0,"_bbp_topic_count_hidden":0,"_bbp_reply_count_hidden":0,"_bbp_forum_subforum_count":0,"footnotes":""},"categories":[7,1,4,11],"tags":[],"class_list":["post-5638","post","type-post","status-publish","format-standard","hentry","category-ampa","category-general","category-portada","category-11"],"post_mailing_queue_ids":[],"_links":{"self":[{"href":"https:\/\/agora.xtec.cat\/ceipparealgue\/wp-json\/wp\/v2\/posts\/5638","targetHints":{"allow":["GET"]}}],"collection":[{"href":"https:\/\/agora.xtec.cat\/ceipparealgue\/wp-json\/wp\/v2\/posts"}],"about":[{"href":"https:\/\/agora.xtec.cat\/ceipparealgue\/wp-json\/wp\/v2\/types\/post"}],"author":[{"embeddable":true,"href":"https:\/\/agora.xtec.cat\/ceipparealgue\/wp-json\/wp\/v2\/users\/52"}],"replies":[{"embeddable":true,"href":"https:\/\/agora.xtec.cat\/ceipparealgue\/wp-json\/wp\/v2\/comments?post=5638"}],"version-history":[{"count":1,"href":"https:\/\/agora.xtec.cat\/ceipparealgue\/wp-json\/wp\/v2\/posts\/5638\/revisions"}],"predecessor-version":[{"id":5639,"href":"https:\/\/agora.xtec.cat\/ceipparealgue\/wp-json\/wp\/v2\/posts\/5638\/revisions\/5639"}],"wp:attachment":[{"href":"https:\/\/agora.xtec.cat\/ceipparealgue\/wp-json\/wp\/v2\/media?parent=5638"}],"wp:term":[{"taxonomy":"category","embeddable":true,"href":"https:\/\/agora.xtec.cat\/ceipparealgue\/wp-json\/wp\/v2\/categories?post=5638"},{"taxonomy":"post_tag","embeddable":true,"href":"https:\/\/agora.xtec.cat\/ceipparealgue\/wp-json\/wp\/v2\/tags?post=5638"}],"curies":[{"name":"wp","href":"https:\/\/api.w.org\/{rel}","templated":true}]}}