{"id":5635,"date":"2024-06-03T10:39:00","date_gmt":"2024-06-03T08:39:00","guid":{"rendered":"https:\/\/agora.xtec.cat\/ceipparealgue\/?p=5635"},"modified":"2024-06-03T10:40:44","modified_gmt":"2024-06-03T08:40:44","slug":"festa-formacio-informatica-i-catala","status":"publish","type":"post","link":"https:\/\/agora.xtec.cat\/ceipparealgue\/general\/festa-formacio-informatica-i-catala\/","title":{"rendered":"Festa final del taller d&#8217;inform\u00e0tica i catal\u00e0"},"content":{"rendered":"<p>La setmana passada les fam\u00edlies que realitzen la formaci\u00f3 de catal\u00e0 i inform\u00e0tica van fer una petita festa on van poder compartir una bona estona menjant i xerrant i aix\u00ed donar per acabat el curs.<\/p>\n<p><a href=\"https:\/\/photos.app.goo.gl\/GdxwHhAf1kyVGABu5\">FOTOS<\/a><\/p>\n","protected":false},"excerpt":{"rendered":"<p>La setmana passada les fam\u00edlies que realitzen la formaci\u00f3 de catal\u00e0 i inform\u00e0tica van fer una petita festa on van poder compartir una bona estona menjant i xerrant i aix\u00ed donar per acabat el curs.<br \/>\n<a href=\"https:\/\/photos.app.goo.gl\/GdxwHhAf1kyVGABu5\">FOTOS<\/a><\/p>\n","protected":false},"author":1,"featured_media":0,"comment_status":"open","ping_status":"closed","sticky":false,"template":"","format":"standard","meta":{"_bbp_topic_count":0,"_bbp_reply_count":0,"_bbp_total_topic_count":0,"_bbp_total_reply_count":0,"_bbp_voice_count":0,"_bbp_anonymous_reply_count":0,"_bbp_topic_count_hidden":0,"_bbp_reply_count_hidden":0,"_bbp_forum_subforum_count":0,"footnotes":""},"categories":[7,1,4],"tags":[],"class_list":["post-5635","post","type-post","status-publish","format-standard","hentry","category-ampa","category-general","category-portada"],"post_mailing_queue_ids":[],"_links":{"self":[{"href":"https:\/\/agora.xtec.cat\/ceipparealgue\/wp-json\/wp\/v2\/posts\/5635","targetHints":{"allow":["GET"]}}],"collection":[{"href":"https:\/\/agora.xtec.cat\/ceipparealgue\/wp-json\/wp\/v2\/posts"}],"about":[{"href":"https:\/\/agora.xtec.cat\/ceipparealgue\/wp-json\/wp\/v2\/types\/post"}],"author":[{"embeddable":true,"href":"https:\/\/agora.xtec.cat\/ceipparealgue\/wp-json\/wp\/v2\/users\/1"}],"replies":[{"embeddable":true,"href":"https:\/\/agora.xtec.cat\/ceipparealgue\/wp-json\/wp\/v2\/comments?post=5635"}],"version-history":[{"count":2,"href":"https:\/\/agora.xtec.cat\/ceipparealgue\/wp-json\/wp\/v2\/posts\/5635\/revisions"}],"predecessor-version":[{"id":5637,"href":"https:\/\/agora.xtec.cat\/ceipparealgue\/wp-json\/wp\/v2\/posts\/5635\/revisions\/5637"}],"wp:attachment":[{"href":"https:\/\/agora.xtec.cat\/ceipparealgue\/wp-json\/wp\/v2\/media?parent=5635"}],"wp:term":[{"taxonomy":"category","embeddable":true,"href":"https:\/\/agora.xtec.cat\/ceipparealgue\/wp-json\/wp\/v2\/categories?post=5635"},{"taxonomy":"post_tag","embeddable":true,"href":"https:\/\/agora.xtec.cat\/ceipparealgue\/wp-json\/wp\/v2\/tags?post=5635"}],"curies":[{"name":"wp","href":"https:\/\/api.w.org\/{rel}","templated":true}]}}