{"id":5625,"date":"2024-05-25T11:48:09","date_gmt":"2024-05-25T09:48:09","guid":{"rendered":"https:\/\/agora.xtec.cat\/ceipparealgue\/?p=5625"},"modified":"2024-05-31T09:47:48","modified_gmt":"2024-05-31T07:47:48","slug":"cantania-el-naufragi","status":"publish","type":"post","link":"https:\/\/agora.xtec.cat\/ceipparealgue\/general\/cantania-el-naufragi\/","title":{"rendered":"CANT\u00c0NIA: El naufragi"},"content":{"rendered":"<p>Ahir els nens i nenes de 6\u00e8 van anar al Teatre Kursaal de Manresa a presentar el projecte de la <strong>Cant\u00e0nia<\/strong> d&#8217;aquest curs: <strong>&#8220;El naufragi&#8221;<\/strong>, una hist\u00f2ria d&#8217;aventures on els infants viatgen en un vaixell colosal que contamina molt, es trenca i van a petar a una illa deserta, on nom\u00e9s treballant plegats i tenint cura dels recursos naturals aconseguiran salvar-se.<\/p>\n<p>All\u00e0 van fer un assaig general on van con\u00e8ixer la directora, els m\u00fasics i els actors i tot seguit van presentar el concert al p\u00fablic. Amb tota l&#8217;experi\u00e8ncia van poder viure la grandesa del teatre, l&#8217;escenari, les llums, el treball dels actors i els m\u00fasics&#8230; i cantar i ballar amb cinc escoles m\u00e9s!<\/p>\n<p>Va ser una experi\u00e8ncia \u00fanica i molt bonica, que segur que ens quedar\u00e0 a la mem\u00f2ria i recordarem tots plegats!<\/p>\n<p>&nbsp;<\/p>\n<p>Si cliqueu el seg\u00fcent enlla\u00e7, podreu veure les imatges:<\/p>\n<p><a href=\"https:\/\/photos.app.goo.gl\/Fa2fvKiKhZ9sVrZ77\">CANT\u00c0NIA<\/a><\/p>\n<p><a href=\"https:\/\/agora.xtec.cat\/ceipparealgue\/wp-content\/uploads\/usu157\/2024\/05\/IMG_7293-1-scaled.jpg\"><br \/>\n<img loading=\"lazy\" decoding=\"async\" class=\" wp-image-5627 aligncenter\" src=\"https:\/\/agora.xtec.cat\/ceipparealgue\/wp-content\/uploads\/usu157\/2024\/05\/IMG_7293-1-1024x1024.jpg\" alt=\"\" width=\"446\" height=\"446\" srcset=\"https:\/\/agora.xtec.cat\/ceipparealgue\/wp-content\/uploads\/usu157\/2024\/05\/IMG_7293-1-1024x1024.jpg 1024w, https:\/\/agora.xtec.cat\/ceipparealgue\/wp-content\/uploads\/usu157\/2024\/05\/IMG_7293-1-300x300.jpg 300w, https:\/\/agora.xtec.cat\/ceipparealgue\/wp-content\/uploads\/usu157\/2024\/05\/IMG_7293-1-150x150.jpg 150w, https:\/\/agora.xtec.cat\/ceipparealgue\/wp-content\/uploads\/usu157\/2024\/05\/IMG_7293-1-768x768.jpg 768w, https:\/\/agora.xtec.cat\/ceipparealgue\/wp-content\/uploads\/usu157\/2024\/05\/IMG_7293-1-1536x1536.jpg 1536w, https:\/\/agora.xtec.cat\/ceipparealgue\/wp-content\/uploads\/usu157\/2024\/05\/IMG_7293-1-2048x2048.jpg 2048w\" sizes=\"auto, (max-width: 446px) 100vw, 446px\" \/><\/a><\/p>\n","protected":false},"excerpt":{"rendered":"<p>Ahir els nens i nenes de 6\u00e8 van anar al Teatre Kursaal de Manresa a presentar el projecte de la Cant\u00e0nia d&#8217;aquest curs: &#8220;El naufragi&#8221;, una hist\u00f2ria d&#8217;aventures on els infants viatgen en un vaixell colosal que contamina molt, es trenca i van a petar&hellip;  <a href=\"https:\/\/agora.xtec.cat\/ceipparealgue\/general\/cantania-el-naufragi\/\" title=\"Read CANT\u00c0NIA: El naufragi\">Llegeix m\u00e9s\u00bb<\/a><\/p>\n","protected":false},"author":52,"featured_media":0,"comment_status":"open","ping_status":"closed","sticky":false,"template":"","format":"standard","meta":{"_bbp_topic_count":0,"_bbp_reply_count":0,"_bbp_total_topic_count":0,"_bbp_total_reply_count":0,"_bbp_voice_count":0,"_bbp_anonymous_reply_count":0,"_bbp_topic_count_hidden":0,"_bbp_reply_count_hidden":0,"_bbp_forum_subforum_count":0,"footnotes":""},"categories":[1,4,5,11],"tags":[],"class_list":["post-5625","post","type-post","status-publish","format-standard","hentry","category-general","category-portada","category-primaria","category-11"],"post_mailing_queue_ids":[],"_links":{"self":[{"href":"https:\/\/agora.xtec.cat\/ceipparealgue\/wp-json\/wp\/v2\/posts\/5625","targetHints":{"allow":["GET"]}}],"collection":[{"href":"https:\/\/agora.xtec.cat\/ceipparealgue\/wp-json\/wp\/v2\/posts"}],"about":[{"href":"https:\/\/agora.xtec.cat\/ceipparealgue\/wp-json\/wp\/v2\/types\/post"}],"author":[{"embeddable":true,"href":"https:\/\/agora.xtec.cat\/ceipparealgue\/wp-json\/wp\/v2\/users\/52"}],"replies":[{"embeddable":true,"href":"https:\/\/agora.xtec.cat\/ceipparealgue\/wp-json\/wp\/v2\/comments?post=5625"}],"version-history":[{"count":3,"href":"https:\/\/agora.xtec.cat\/ceipparealgue\/wp-json\/wp\/v2\/posts\/5625\/revisions"}],"predecessor-version":[{"id":5630,"href":"https:\/\/agora.xtec.cat\/ceipparealgue\/wp-json\/wp\/v2\/posts\/5625\/revisions\/5630"}],"wp:attachment":[{"href":"https:\/\/agora.xtec.cat\/ceipparealgue\/wp-json\/wp\/v2\/media?parent=5625"}],"wp:term":[{"taxonomy":"category","embeddable":true,"href":"https:\/\/agora.xtec.cat\/ceipparealgue\/wp-json\/wp\/v2\/categories?post=5625"},{"taxonomy":"post_tag","embeddable":true,"href":"https:\/\/agora.xtec.cat\/ceipparealgue\/wp-json\/wp\/v2\/tags?post=5625"}],"curies":[{"name":"wp","href":"https:\/\/api.w.org\/{rel}","templated":true}]}}