{"id":5619,"date":"2024-05-11T12:07:29","date_gmt":"2024-05-11T10:07:29","guid":{"rendered":"https:\/\/agora.xtec.cat\/ceipparealgue\/?p=5619"},"modified":"2024-05-22T15:54:17","modified_gmt":"2024-05-22T13:54:17","slug":"la-fageda-cicle-mitja-i-cicle-superior","status":"publish","type":"post","link":"https:\/\/agora.xtec.cat\/ceipparealgue\/general\/la-fageda-cicle-mitja-i-cicle-superior\/","title":{"rendered":"LA FAGEDA (CICLE MITJ\u00c0 I CICLE SUPERIOR)"},"content":{"rendered":"<p>El passat dijous, l&#8217;alumnat de cicle mitj\u00e0 i cicle superior va anar a La Fageda d&#8217;en Jord\u00e0, situada a la comarca de La Garrotxa. Vam visitar la reserva natural, amb caracter\u00edstiques impressionants en el seu relleu, degut al paisatge de car\u00e0cter volc\u00e0nic propi de la zona. Vam aprendre molt sobre el tipus de vegetaci\u00f3 i de fauna que s\u2019hi troba. Tamb\u00e9 vam anar a visitar La Fageda Fundaci\u00f3, on vam aprendre molt sobre les vaques, vam poder donar de menjar als vedells i vam esbrinar com extreuen la llet de les vaques m\u00e9s joves per poder fer productes l\u00e0ctics, com iogurts. Finalment, vam poder veure el proc\u00e9s de fabricaci\u00f3 dels productes que realitzen i, fins i tot, vam tascar un iogurt que estava molt bo!<\/p>\n<p>Ens ho vam passar molt b\u00e9 i vam gaudir d\u2019un molt bon dia entre la natura!<\/p>\n<p>A continuaci\u00f3, podeu veure algunes imatges de la sortida:<\/p>\n<p><a href=\"https:\/\/photos.app.goo.gl\/UoAHriTAiXkKLWZt9\">LA FAGEDA D&#8217;EN JORD\u00c0<\/a><\/p>\n","protected":false},"excerpt":{"rendered":"<p>El passat dijous, l&#8217;alumnat de cicle mitj\u00e0 i cicle superior va anar a La Fageda d&#8217;en Jord\u00e0, situada a la comarca de La Garrotxa. Vam visitar la reserva natural, amb caracter\u00edstiques impressionants en el seu relleu, degut al paisatge de car\u00e0cter volc\u00e0nic propi de la&hellip;  <a href=\"https:\/\/agora.xtec.cat\/ceipparealgue\/general\/la-fageda-cicle-mitja-i-cicle-superior\/\" title=\"Read LA FAGEDA (CICLE MITJ\u00c0 I CICLE SUPERIOR)\">Llegeix m\u00e9s\u00bb<\/a><\/p>\n","protected":false},"author":52,"featured_media":0,"comment_status":"open","ping_status":"closed","sticky":false,"template":"","format":"standard","meta":{"_bbp_topic_count":0,"_bbp_reply_count":0,"_bbp_total_topic_count":0,"_bbp_total_reply_count":0,"_bbp_voice_count":0,"_bbp_anonymous_reply_count":0,"_bbp_topic_count_hidden":0,"_bbp_reply_count_hidden":0,"_bbp_forum_subforum_count":0,"footnotes":""},"categories":[1,4,5,11,10,9,8],"tags":[],"class_list":["post-5619","post","type-post","status-publish","format-standard","hentry","category-general","category-portada","category-primaria","category-11","category-10","category-9","category-8"],"post_mailing_queue_ids":[],"_links":{"self":[{"href":"https:\/\/agora.xtec.cat\/ceipparealgue\/wp-json\/wp\/v2\/posts\/5619","targetHints":{"allow":["GET"]}}],"collection":[{"href":"https:\/\/agora.xtec.cat\/ceipparealgue\/wp-json\/wp\/v2\/posts"}],"about":[{"href":"https:\/\/agora.xtec.cat\/ceipparealgue\/wp-json\/wp\/v2\/types\/post"}],"author":[{"embeddable":true,"href":"https:\/\/agora.xtec.cat\/ceipparealgue\/wp-json\/wp\/v2\/users\/52"}],"replies":[{"embeddable":true,"href":"https:\/\/agora.xtec.cat\/ceipparealgue\/wp-json\/wp\/v2\/comments?post=5619"}],"version-history":[{"count":1,"href":"https:\/\/agora.xtec.cat\/ceipparealgue\/wp-json\/wp\/v2\/posts\/5619\/revisions"}],"predecessor-version":[{"id":5620,"href":"https:\/\/agora.xtec.cat\/ceipparealgue\/wp-json\/wp\/v2\/posts\/5619\/revisions\/5620"}],"wp:attachment":[{"href":"https:\/\/agora.xtec.cat\/ceipparealgue\/wp-json\/wp\/v2\/media?parent=5619"}],"wp:term":[{"taxonomy":"category","embeddable":true,"href":"https:\/\/agora.xtec.cat\/ceipparealgue\/wp-json\/wp\/v2\/categories?post=5619"},{"taxonomy":"post_tag","embeddable":true,"href":"https:\/\/agora.xtec.cat\/ceipparealgue\/wp-json\/wp\/v2\/tags?post=5619"}],"curies":[{"name":"wp","href":"https:\/\/api.w.org\/{rel}","templated":true}]}}