{"id":5608,"date":"2024-05-11T11:10:56","date_gmt":"2024-05-11T09:10:56","guid":{"rendered":"https:\/\/agora.xtec.cat\/ceipparealgue\/?p=5608"},"modified":"2024-05-22T15:54:43","modified_gmt":"2024-05-22T13:54:43","slug":"judo-i-rugby-al-congost-5e","status":"publish","type":"post","link":"https:\/\/agora.xtec.cat\/ceipparealgue\/general\/judo-i-rugby-al-congost-5e\/","title":{"rendered":"Judo i rugby al Congost 5\u00e8"},"content":{"rendered":"<p>Ahir al mat\u00ed, la classe de 5\u00e8\u00a0 vam participar de nou al programa Esports a la Carta que organitza l\u2019Ajuntament de Manresa al Congost. Aquesta vegada vam poder practicar el judo i el rugby i ens ho vam tornar a\u00a0 passar d&#8217;all\u00f2 m\u00e9s b\u00e9!<\/p>\n<p>Si cliqueu a la imatge podreu veure m\u00e9s fotografies d\u2019aquest mat\u00ed tan entretingut.<\/p>\n<p><a href=\"https:\/\/photos.app.goo.gl\/7P3cmoUs1aJpnAmHA\"><img loading=\"lazy\" decoding=\"async\" class=\"wp-image-5613 aligncenter\" src=\"https:\/\/agora.xtec.cat\/ceipparealgue\/wp-content\/uploads\/usu157\/2024\/05\/WhatsApp-Image-2024-05-10-at-11.24.56-1024x576.jpeg\" alt=\"\" width=\"407\" height=\"229\" srcset=\"https:\/\/agora.xtec.cat\/ceipparealgue\/wp-content\/uploads\/usu157\/2024\/05\/WhatsApp-Image-2024-05-10-at-11.24.56-1024x576.jpeg 1024w, https:\/\/agora.xtec.cat\/ceipparealgue\/wp-content\/uploads\/usu157\/2024\/05\/WhatsApp-Image-2024-05-10-at-11.24.56-300x169.jpeg 300w, https:\/\/agora.xtec.cat\/ceipparealgue\/wp-content\/uploads\/usu157\/2024\/05\/WhatsApp-Image-2024-05-10-at-11.24.56-768x432.jpeg 768w, https:\/\/agora.xtec.cat\/ceipparealgue\/wp-content\/uploads\/usu157\/2024\/05\/WhatsApp-Image-2024-05-10-at-11.24.56-1536x864.jpeg 1536w, https:\/\/agora.xtec.cat\/ceipparealgue\/wp-content\/uploads\/usu157\/2024\/05\/WhatsApp-Image-2024-05-10-at-11.24.56.jpeg 2048w\" sizes=\"auto, (max-width: 407px) 100vw, 407px\" \/><\/a><\/p>\n","protected":false},"excerpt":{"rendered":"<p>Ahir al mat\u00ed, la classe de 5\u00e8\u00a0 vam participar de nou al programa Esports a la Carta que organitza l\u2019Ajuntament de Manresa al Congost. Aquesta vegada vam poder practicar el judo i el rugby i ens ho vam tornar a\u00a0 passar d&#8217;all\u00f2 m\u00e9s b\u00e9!<br \/>\nSi cliqueu&hellip;  <a href=\"https:\/\/agora.xtec.cat\/ceipparealgue\/general\/judo-i-rugby-al-congost-5e\/\" title=\"Read Judo i rugby al Congost 5\u00e8\">Llegeix m\u00e9s\u00bb<\/a><\/p>\n","protected":false},"author":52,"featured_media":0,"comment_status":"open","ping_status":"closed","sticky":false,"template":"","format":"standard","meta":{"_bbp_topic_count":0,"_bbp_reply_count":0,"_bbp_total_topic_count":0,"_bbp_total_reply_count":0,"_bbp_voice_count":0,"_bbp_anonymous_reply_count":0,"_bbp_topic_count_hidden":0,"_bbp_reply_count_hidden":0,"_bbp_forum_subforum_count":0,"footnotes":""},"categories":[1,4,5,10],"tags":[],"class_list":["post-5608","post","type-post","status-publish","format-standard","hentry","category-general","category-portada","category-primaria","category-10"],"post_mailing_queue_ids":[],"_links":{"self":[{"href":"https:\/\/agora.xtec.cat\/ceipparealgue\/wp-json\/wp\/v2\/posts\/5608","targetHints":{"allow":["GET"]}}],"collection":[{"href":"https:\/\/agora.xtec.cat\/ceipparealgue\/wp-json\/wp\/v2\/posts"}],"about":[{"href":"https:\/\/agora.xtec.cat\/ceipparealgue\/wp-json\/wp\/v2\/types\/post"}],"author":[{"embeddable":true,"href":"https:\/\/agora.xtec.cat\/ceipparealgue\/wp-json\/wp\/v2\/users\/52"}],"replies":[{"embeddable":true,"href":"https:\/\/agora.xtec.cat\/ceipparealgue\/wp-json\/wp\/v2\/comments?post=5608"}],"version-history":[{"count":5,"href":"https:\/\/agora.xtec.cat\/ceipparealgue\/wp-json\/wp\/v2\/posts\/5608\/revisions"}],"predecessor-version":[{"id":5616,"href":"https:\/\/agora.xtec.cat\/ceipparealgue\/wp-json\/wp\/v2\/posts\/5608\/revisions\/5616"}],"wp:attachment":[{"href":"https:\/\/agora.xtec.cat\/ceipparealgue\/wp-json\/wp\/v2\/media?parent=5608"}],"wp:term":[{"taxonomy":"category","embeddable":true,"href":"https:\/\/agora.xtec.cat\/ceipparealgue\/wp-json\/wp\/v2\/categories?post=5608"},{"taxonomy":"post_tag","embeddable":true,"href":"https:\/\/agora.xtec.cat\/ceipparealgue\/wp-json\/wp\/v2\/tags?post=5608"}],"curies":[{"name":"wp","href":"https:\/\/api.w.org\/{rel}","templated":true}]}}