{"id":5573,"date":"2024-05-08T18:20:22","date_gmt":"2024-05-08T16:20:22","guid":{"rendered":"https:\/\/agora.xtec.cat\/ceipparealgue\/?p=5573"},"modified":"2024-05-08T18:22:19","modified_gmt":"2024-05-08T16:22:19","slug":"anellament-cientific-docells-5e","status":"publish","type":"post","link":"https:\/\/agora.xtec.cat\/ceipparealgue\/general\/anellament-cientific-docells-5e\/","title":{"rendered":"Anellament Cient\u00edfic d&#8217;ocells 5\u00e8"},"content":{"rendered":"<p>Ahir pel mat\u00ed, la classe de 5\u00e8 vam anar fins al Parc del Cardener per fer un taller d&#8217;Anellament Cient\u00edfic d&#8217;ocells.<br \/>\nAll\u00e0 ens vam trobar amb el Marc, que ens va explicar moltes coses sobre els ocells que podem trobar en aquesta zona tan maca de Manresa i vam observar en qu\u00e8 consistia un anellament cient\u00edfic\u00a0 i com es prenien les dades per registrar correctament cada ocell.<br \/>\nVa ser un taller molt interessant i en el que vam aprendre moltes coses!<\/p>\n<p>Si voleu veure alguns moments del taller, cliqueu a la imatge seg\u00fcent:<\/p>\n<p><a href=\"https:\/\/photos.app.goo.gl\/Uw9mbsJiCXL2W2ZE7\"><img loading=\"lazy\" decoding=\"async\" class=\"wp-image-5585 aligncenter\" src=\"https:\/\/agora.xtec.cat\/ceipparealgue\/wp-content\/uploads\/usu157\/2024\/05\/WhatsApp-Image-2024-05-07-at-11.16.59-2-1024x953.jpg\" alt=\"\" width=\"328\" height=\"306\" srcset=\"https:\/\/agora.xtec.cat\/ceipparealgue\/wp-content\/uploads\/usu157\/2024\/05\/WhatsApp-Image-2024-05-07-at-11.16.59-2-1024x953.jpg 1024w, https:\/\/agora.xtec.cat\/ceipparealgue\/wp-content\/uploads\/usu157\/2024\/05\/WhatsApp-Image-2024-05-07-at-11.16.59-2-300x279.jpg 300w, https:\/\/agora.xtec.cat\/ceipparealgue\/wp-content\/uploads\/usu157\/2024\/05\/WhatsApp-Image-2024-05-07-at-11.16.59-2-768x715.jpg 768w, https:\/\/agora.xtec.cat\/ceipparealgue\/wp-content\/uploads\/usu157\/2024\/05\/WhatsApp-Image-2024-05-07-at-11.16.59-2.jpg 1238w\" sizes=\"auto, (max-width: 328px) 100vw, 328px\" \/><\/a><\/p>\n","protected":false},"excerpt":{"rendered":"<p>Ahir pel mat\u00ed, la classe de 5\u00e8 vam anar fins al Parc del Cardener per fer un taller d&#8217;Anellament Cient\u00edfic d&#8217;ocells.<br \/>\nAll\u00e0 ens vam trobar amb el Marc, que ens va explicar moltes coses sobre els ocells que podem trobar en aquesta zona tan maca de&hellip;  <a href=\"https:\/\/agora.xtec.cat\/ceipparealgue\/general\/anellament-cientific-docells-5e\/\" title=\"Read Anellament Cient\u00edfic d&#8217;ocells 5\u00e8\">Llegeix m\u00e9s\u00bb<\/a><\/p>\n","protected":false},"author":52,"featured_media":0,"comment_status":"open","ping_status":"closed","sticky":false,"template":"","format":"standard","meta":{"_bbp_topic_count":0,"_bbp_reply_count":0,"_bbp_total_topic_count":0,"_bbp_total_reply_count":0,"_bbp_voice_count":0,"_bbp_anonymous_reply_count":0,"_bbp_topic_count_hidden":0,"_bbp_reply_count_hidden":0,"_bbp_forum_subforum_count":0,"footnotes":""},"categories":[1,4,5,10],"tags":[],"class_list":["post-5573","post","type-post","status-publish","format-standard","hentry","category-general","category-portada","category-primaria","category-10"],"post_mailing_queue_ids":[],"_links":{"self":[{"href":"https:\/\/agora.xtec.cat\/ceipparealgue\/wp-json\/wp\/v2\/posts\/5573","targetHints":{"allow":["GET"]}}],"collection":[{"href":"https:\/\/agora.xtec.cat\/ceipparealgue\/wp-json\/wp\/v2\/posts"}],"about":[{"href":"https:\/\/agora.xtec.cat\/ceipparealgue\/wp-json\/wp\/v2\/types\/post"}],"author":[{"embeddable":true,"href":"https:\/\/agora.xtec.cat\/ceipparealgue\/wp-json\/wp\/v2\/users\/52"}],"replies":[{"embeddable":true,"href":"https:\/\/agora.xtec.cat\/ceipparealgue\/wp-json\/wp\/v2\/comments?post=5573"}],"version-history":[{"count":6,"href":"https:\/\/agora.xtec.cat\/ceipparealgue\/wp-json\/wp\/v2\/posts\/5573\/revisions"}],"predecessor-version":[{"id":5591,"href":"https:\/\/agora.xtec.cat\/ceipparealgue\/wp-json\/wp\/v2\/posts\/5573\/revisions\/5591"}],"wp:attachment":[{"href":"https:\/\/agora.xtec.cat\/ceipparealgue\/wp-json\/wp\/v2\/media?parent=5573"}],"wp:term":[{"taxonomy":"category","embeddable":true,"href":"https:\/\/agora.xtec.cat\/ceipparealgue\/wp-json\/wp\/v2\/categories?post=5573"},{"taxonomy":"post_tag","embeddable":true,"href":"https:\/\/agora.xtec.cat\/ceipparealgue\/wp-json\/wp\/v2\/tags?post=5573"}],"curies":[{"name":"wp","href":"https:\/\/api.w.org\/{rel}","templated":true}]}}