{"id":5505,"date":"2024-04-19T13:56:04","date_gmt":"2024-04-19T11:56:04","guid":{"rendered":"https:\/\/agora.xtec.cat\/ceipparealgue\/?p=5505"},"modified":"2024-04-19T14:03:36","modified_gmt":"2024-04-19T12:03:36","slug":"cantaxics-2024","status":"publish","type":"post","link":"https:\/\/agora.xtec.cat\/ceipparealgue\/general\/cantaxics-2024\/","title":{"rendered":"Cantaxics 2024"},"content":{"rendered":"<p>Ahir els nens i nenes de 2n van anar al Teatre Kursaal de Manresa a presentar el projecte Cantaxics d&#8217;aquest curs: <strong>SuperD<\/strong>.<\/p>\n<p>Van poder observar la grandesa del teatre, les llums, actors, m\u00fasics en directe, el p\u00fablic des de l&#8217;escenari&#8230; i cantar amb quatre escoles m\u00e9s! Va ser una experi\u00e8ncia molt bonica que segur que recordarem tots i totes!<\/p>\n<p><a href=\"https:\/\/agora.xtec.cat\/ceipparealgue\/wp-content\/uploads\/usu157\/2024\/04\/Cantaxics-2024-e1713527574310.jpg\"><img loading=\"lazy\" decoding=\"async\" class=\"alignnone  wp-image-5506\" src=\"https:\/\/agora.xtec.cat\/ceipparealgue\/wp-content\/uploads\/usu157\/2024\/04\/Cantaxics-2024-e1713527574310-1024x979.jpg\" alt=\"\" width=\"424\" height=\"406\" srcset=\"https:\/\/agora.xtec.cat\/ceipparealgue\/wp-content\/uploads\/usu157\/2024\/04\/Cantaxics-2024-e1713527574310-1024x979.jpg 1024w, https:\/\/agora.xtec.cat\/ceipparealgue\/wp-content\/uploads\/usu157\/2024\/04\/Cantaxics-2024-e1713527574310-300x287.jpg 300w, https:\/\/agora.xtec.cat\/ceipparealgue\/wp-content\/uploads\/usu157\/2024\/04\/Cantaxics-2024-e1713527574310-768x735.jpg 768w, https:\/\/agora.xtec.cat\/ceipparealgue\/wp-content\/uploads\/usu157\/2024\/04\/Cantaxics-2024-e1713527574310.jpg 1080w\" sizes=\"auto, (max-width: 424px) 100vw, 424px\" \/><\/a><\/p>\n<p>&nbsp;<\/p>\n","protected":false},"excerpt":{"rendered":"<p>Ahir els nens i nenes de 2n van anar al Teatre Kursaal de Manresa a presentar el projecte Cantaxics d&#8217;aquest curs: SuperD.<br \/>\nVan poder observar la grandesa del teatre, les llums, actors, m\u00fasics en directe, el p\u00fablic des de l&#8217;escenari&#8230; i cantar amb quatre escoles m\u00e9s!&hellip;  <a href=\"https:\/\/agora.xtec.cat\/ceipparealgue\/general\/cantaxics-2024\/\" title=\"Read Cantaxics 2024\">Llegeix m\u00e9s\u00bb<\/a><\/p>\n","protected":false},"author":50,"featured_media":0,"comment_status":"open","ping_status":"closed","sticky":false,"template":"","format":"standard","meta":{"_bbp_topic_count":0,"_bbp_reply_count":0,"_bbp_total_topic_count":0,"_bbp_total_reply_count":0,"_bbp_voice_count":0,"_bbp_anonymous_reply_count":0,"_bbp_topic_count_hidden":0,"_bbp_reply_count_hidden":0,"_bbp_forum_subforum_count":0,"footnotes":""},"categories":[1,4,5,3],"tags":[],"class_list":["post-5505","post","type-post","status-publish","format-standard","hentry","category-general","category-portada","category-primaria","category-3"],"post_mailing_queue_ids":[],"_links":{"self":[{"href":"https:\/\/agora.xtec.cat\/ceipparealgue\/wp-json\/wp\/v2\/posts\/5505","targetHints":{"allow":["GET"]}}],"collection":[{"href":"https:\/\/agora.xtec.cat\/ceipparealgue\/wp-json\/wp\/v2\/posts"}],"about":[{"href":"https:\/\/agora.xtec.cat\/ceipparealgue\/wp-json\/wp\/v2\/types\/post"}],"author":[{"embeddable":true,"href":"https:\/\/agora.xtec.cat\/ceipparealgue\/wp-json\/wp\/v2\/users\/50"}],"replies":[{"embeddable":true,"href":"https:\/\/agora.xtec.cat\/ceipparealgue\/wp-json\/wp\/v2\/comments?post=5505"}],"version-history":[{"count":6,"href":"https:\/\/agora.xtec.cat\/ceipparealgue\/wp-json\/wp\/v2\/posts\/5505\/revisions"}],"predecessor-version":[{"id":5514,"href":"https:\/\/agora.xtec.cat\/ceipparealgue\/wp-json\/wp\/v2\/posts\/5505\/revisions\/5514"}],"wp:attachment":[{"href":"https:\/\/agora.xtec.cat\/ceipparealgue\/wp-json\/wp\/v2\/media?parent=5505"}],"wp:term":[{"taxonomy":"category","embeddable":true,"href":"https:\/\/agora.xtec.cat\/ceipparealgue\/wp-json\/wp\/v2\/categories?post=5505"},{"taxonomy":"post_tag","embeddable":true,"href":"https:\/\/agora.xtec.cat\/ceipparealgue\/wp-json\/wp\/v2\/tags?post=5505"}],"curies":[{"name":"wp","href":"https:\/\/api.w.org\/{rel}","templated":true}]}}