{"id":5455,"date":"2024-03-22T12:44:21","date_gmt":"2024-03-22T11:44:21","guid":{"rendered":"https:\/\/agora.xtec.cat\/ceipparealgue\/?p=5455"},"modified":"2024-03-22T12:44:21","modified_gmt":"2024-03-22T11:44:21","slug":"mona-de-pascua-a-cicle-superior","status":"publish","type":"post","link":"https:\/\/agora.xtec.cat\/ceipparealgue\/general\/mona-de-pascua-a-cicle-superior\/","title":{"rendered":"Mona de Pascua a cicle superior!"},"content":{"rendered":"<p>Bon dia a tothom! Aquest mat\u00ed, a cinqu\u00e8 i a sis\u00e8 hem preparat una mona de Pascua personalitzada! L&#8217;hem decorat i ens l&#8217;hem menjat: estava molt bona! Podeu veure algunes imatges en el seg\u00fcent enlla\u00e7. Que tingueu molt bones vacances!<\/p>\n<p><a href=\"https:\/\/photos.app.goo.gl\/w9Vo3c6mKFG8syir7\">La nostra mona!<\/a><\/p>\n","protected":false},"excerpt":{"rendered":"<p>Bon dia a tothom! Aquest mat\u00ed, a cinqu\u00e8 i a sis\u00e8 hem preparat una mona de Pascua personalitzada! L&#8217;hem decorat i ens l&#8217;hem menjat: estava molt bona! Podeu veure algunes imatges en el seg\u00fcent enlla\u00e7. Que tingueu molt bones vacances!<br \/>\n<a href=\"https:\/\/photos.app.goo.gl\/w9Vo3c6mKFG8syir7\">La nostra mona!<\/a><\/p>\n","protected":false},"author":52,"featured_media":0,"comment_status":"open","ping_status":"closed","sticky":false,"template":"","format":"standard","meta":{"_bbp_topic_count":0,"_bbp_reply_count":0,"_bbp_total_topic_count":0,"_bbp_total_reply_count":0,"_bbp_voice_count":0,"_bbp_anonymous_reply_count":0,"_bbp_topic_count_hidden":0,"_bbp_reply_count_hidden":0,"_bbp_forum_subforum_count":0,"footnotes":""},"categories":[1,4,5,11],"tags":[],"class_list":["post-5455","post","type-post","status-publish","format-standard","hentry","category-general","category-portada","category-primaria","category-11"],"post_mailing_queue_ids":[],"_links":{"self":[{"href":"https:\/\/agora.xtec.cat\/ceipparealgue\/wp-json\/wp\/v2\/posts\/5455","targetHints":{"allow":["GET"]}}],"collection":[{"href":"https:\/\/agora.xtec.cat\/ceipparealgue\/wp-json\/wp\/v2\/posts"}],"about":[{"href":"https:\/\/agora.xtec.cat\/ceipparealgue\/wp-json\/wp\/v2\/types\/post"}],"author":[{"embeddable":true,"href":"https:\/\/agora.xtec.cat\/ceipparealgue\/wp-json\/wp\/v2\/users\/52"}],"replies":[{"embeddable":true,"href":"https:\/\/agora.xtec.cat\/ceipparealgue\/wp-json\/wp\/v2\/comments?post=5455"}],"version-history":[{"count":1,"href":"https:\/\/agora.xtec.cat\/ceipparealgue\/wp-json\/wp\/v2\/posts\/5455\/revisions"}],"predecessor-version":[{"id":5456,"href":"https:\/\/agora.xtec.cat\/ceipparealgue\/wp-json\/wp\/v2\/posts\/5455\/revisions\/5456"}],"wp:attachment":[{"href":"https:\/\/agora.xtec.cat\/ceipparealgue\/wp-json\/wp\/v2\/media?parent=5455"}],"wp:term":[{"taxonomy":"category","embeddable":true,"href":"https:\/\/agora.xtec.cat\/ceipparealgue\/wp-json\/wp\/v2\/categories?post=5455"},{"taxonomy":"post_tag","embeddable":true,"href":"https:\/\/agora.xtec.cat\/ceipparealgue\/wp-json\/wp\/v2\/tags?post=5455"}],"curies":[{"name":"wp","href":"https:\/\/api.w.org\/{rel}","templated":true}]}}