{"id":5336,"date":"2024-01-30T20:36:30","date_gmt":"2024-01-30T19:36:30","guid":{"rendered":"https:\/\/agora.xtec.cat\/ceipparealgue\/?p=5336"},"modified":"2024-01-30T21:38:36","modified_gmt":"2024-01-30T20:38:36","slug":"mobilitat-segura-5e","status":"publish","type":"post","link":"https:\/\/agora.xtec.cat\/ceipparealgue\/general\/mobilitat-segura-5e\/","title":{"rendered":"Mobilitat Segura 5\u00e8"},"content":{"rendered":"<p>Ahir al mat\u00ed, a la classe de cinqu\u00e8 vam rebre la visita d&#8217;un policia local de Manresa per fer-nos una xerrada sobre Mobilitat Segura.<\/p>\n<p>Va ser una xerrada molt interessant que ens va permetre recordar aspectes a tenir en compte a l&#8217;hora de moure&#8217;ns per la ciutat, com el fet de que \u00e9s necessari mirar a les dues bandes, abans de travessar un pas de vianants, per assegurar-nos de que no ve cap cotxe.<\/p>\n<p><a href=\"https:\/\/photos.app.goo.gl\/MZXcXz6CZ2pW2YSP9\"><img loading=\"lazy\" decoding=\"async\" class=\"wp-image-5341 aligncenter\" src=\"https:\/\/agora.xtec.cat\/ceipparealgue\/wp-content\/uploads\/usu157\/2024\/01\/WhatsApp-Image-2024-01-29-at-11.44.50-1024x576.jpeg\" alt=\"\" width=\"457\" height=\"257\" srcset=\"https:\/\/agora.xtec.cat\/ceipparealgue\/wp-content\/uploads\/usu157\/2024\/01\/WhatsApp-Image-2024-01-29-at-11.44.50-1024x576.jpeg 1024w, https:\/\/agora.xtec.cat\/ceipparealgue\/wp-content\/uploads\/usu157\/2024\/01\/WhatsApp-Image-2024-01-29-at-11.44.50-300x169.jpeg 300w, https:\/\/agora.xtec.cat\/ceipparealgue\/wp-content\/uploads\/usu157\/2024\/01\/WhatsApp-Image-2024-01-29-at-11.44.50-768x432.jpeg 768w, https:\/\/agora.xtec.cat\/ceipparealgue\/wp-content\/uploads\/usu157\/2024\/01\/WhatsApp-Image-2024-01-29-at-11.44.50-1536x864.jpeg 1536w, https:\/\/agora.xtec.cat\/ceipparealgue\/wp-content\/uploads\/usu157\/2024\/01\/WhatsApp-Image-2024-01-29-at-11.44.50.jpeg 2048w\" sizes=\"auto, (max-width: 457px) 100vw, 457px\" \/><\/a><\/p>\n","protected":false},"excerpt":{"rendered":"<p>Ahir al mat\u00ed, a la classe de cinqu\u00e8 vam rebre la visita d&#8217;un policia local de Manresa per fer-nos una xerrada sobre Mobilitat Segura.<br \/>\nVa ser una xerrada molt interessant que ens va permetre recordar aspectes a tenir en compte a l&#8217;hora de moure&#8217;ns per la&hellip;  <a href=\"https:\/\/agora.xtec.cat\/ceipparealgue\/general\/mobilitat-segura-5e\/\" title=\"Read Mobilitat Segura 5\u00e8\">Llegeix m\u00e9s\u00bb<\/a><\/p>\n","protected":false},"author":52,"featured_media":0,"comment_status":"open","ping_status":"closed","sticky":false,"template":"","format":"standard","meta":{"_bbp_topic_count":0,"_bbp_reply_count":0,"_bbp_total_topic_count":0,"_bbp_total_reply_count":0,"_bbp_voice_count":0,"_bbp_anonymous_reply_count":0,"_bbp_topic_count_hidden":0,"_bbp_reply_count_hidden":0,"_bbp_forum_subforum_count":0,"footnotes":""},"categories":[1,4,5,10],"tags":[],"class_list":["post-5336","post","type-post","status-publish","format-standard","hentry","category-general","category-portada","category-primaria","category-10"],"post_mailing_queue_ids":[],"_links":{"self":[{"href":"https:\/\/agora.xtec.cat\/ceipparealgue\/wp-json\/wp\/v2\/posts\/5336","targetHints":{"allow":["GET"]}}],"collection":[{"href":"https:\/\/agora.xtec.cat\/ceipparealgue\/wp-json\/wp\/v2\/posts"}],"about":[{"href":"https:\/\/agora.xtec.cat\/ceipparealgue\/wp-json\/wp\/v2\/types\/post"}],"author":[{"embeddable":true,"href":"https:\/\/agora.xtec.cat\/ceipparealgue\/wp-json\/wp\/v2\/users\/52"}],"replies":[{"embeddable":true,"href":"https:\/\/agora.xtec.cat\/ceipparealgue\/wp-json\/wp\/v2\/comments?post=5336"}],"version-history":[{"count":6,"href":"https:\/\/agora.xtec.cat\/ceipparealgue\/wp-json\/wp\/v2\/posts\/5336\/revisions"}],"predecessor-version":[{"id":5350,"href":"https:\/\/agora.xtec.cat\/ceipparealgue\/wp-json\/wp\/v2\/posts\/5336\/revisions\/5350"}],"wp:attachment":[{"href":"https:\/\/agora.xtec.cat\/ceipparealgue\/wp-json\/wp\/v2\/media?parent=5336"}],"wp:term":[{"taxonomy":"category","embeddable":true,"href":"https:\/\/agora.xtec.cat\/ceipparealgue\/wp-json\/wp\/v2\/categories?post=5336"},{"taxonomy":"post_tag","embeddable":true,"href":"https:\/\/agora.xtec.cat\/ceipparealgue\/wp-json\/wp\/v2\/tags?post=5336"}],"curies":[{"name":"wp","href":"https:\/\/api.w.org\/{rel}","templated":true}]}}