{"id":5299,"date":"2024-01-18T19:12:03","date_gmt":"2024-01-18T18:12:03","guid":{"rendered":"https:\/\/agora.xtec.cat\/ceipparealgue\/?p=5299"},"modified":"2024-01-18T20:54:09","modified_gmt":"2024-01-18T19:54:09","slug":"cinque-hem-fet-un-taller-de-ball","status":"publish","type":"post","link":"https:\/\/agora.xtec.cat\/ceipparealgue\/general\/cinque-hem-fet-un-taller-de-ball\/","title":{"rendered":"CINQU\u00c8 HEM FET UN TALLER DE BALL!"},"content":{"rendered":"<p>Aquest mat\u00ed ha vingut a l&#8217;escola el Jes\u00fas, de l&#8217;<strong>Escola<\/strong><strong>\u00a0de Dansa\u00a0<\/strong><strong>Swing<\/strong> de Manresa i els alumnes i les alumnes de cinqu\u00e8 hem pogut fer un Taller de Ball amb ell.<\/p>\n<p>Hem apr\u00e8s i practicat diferents tipus de ball i hem passat una estona ben divertida!<\/p>\n<p>Clicant a la imatge seg\u00fcent podreu veure un recull de fotografies:<\/p>\n<p><a href=\"https:\/\/photos.app.goo.gl\/ZTHeS8oLvHFf13xz5\"><img loading=\"lazy\" decoding=\"async\" class=\"wp-image-5312 aligncenter\" src=\"https:\/\/agora.xtec.cat\/ceipparealgue\/wp-content\/uploads\/usu157\/2024\/01\/WhatsApp-Image-2024-01-18-at-10.37.15-1024x576.jpeg\" alt=\"\" width=\"384\" height=\"216\" srcset=\"https:\/\/agora.xtec.cat\/ceipparealgue\/wp-content\/uploads\/usu157\/2024\/01\/WhatsApp-Image-2024-01-18-at-10.37.15-1024x576.jpeg 1024w, https:\/\/agora.xtec.cat\/ceipparealgue\/wp-content\/uploads\/usu157\/2024\/01\/WhatsApp-Image-2024-01-18-at-10.37.15-300x169.jpeg 300w, https:\/\/agora.xtec.cat\/ceipparealgue\/wp-content\/uploads\/usu157\/2024\/01\/WhatsApp-Image-2024-01-18-at-10.37.15-768x432.jpeg 768w, https:\/\/agora.xtec.cat\/ceipparealgue\/wp-content\/uploads\/usu157\/2024\/01\/WhatsApp-Image-2024-01-18-at-10.37.15-1536x864.jpeg 1536w, https:\/\/agora.xtec.cat\/ceipparealgue\/wp-content\/uploads\/usu157\/2024\/01\/WhatsApp-Image-2024-01-18-at-10.37.15.jpeg 2048w\" sizes=\"auto, (max-width: 384px) 100vw, 384px\" \/><\/a><\/p>\n","protected":false},"excerpt":{"rendered":"<p>Aquest mat\u00ed ha vingut a l&#8217;escola el Jes\u00fas, de l&#8217;Escola\u00a0de Dansa\u00a0Swing de Manresa i els alumnes i les alumnes de cinqu\u00e8 hem pogut fer un Taller de Ball amb ell.<br \/>\nHem apr\u00e8s i practicat diferents tipus de ball i hem passat una estona ben divertida!<br \/>\nClicant a&hellip;  <a href=\"https:\/\/agora.xtec.cat\/ceipparealgue\/general\/cinque-hem-fet-un-taller-de-ball\/\" title=\"Read CINQU\u00c8 HEM FET UN TALLER DE BALL!\">Llegeix m\u00e9s\u00bb<\/a><\/p>\n","protected":false},"author":52,"featured_media":0,"comment_status":"open","ping_status":"closed","sticky":false,"template":"","format":"standard","meta":{"_bbp_topic_count":0,"_bbp_reply_count":0,"_bbp_total_topic_count":0,"_bbp_total_reply_count":0,"_bbp_voice_count":0,"_bbp_anonymous_reply_count":0,"_bbp_topic_count_hidden":0,"_bbp_reply_count_hidden":0,"_bbp_forum_subforum_count":0,"footnotes":""},"categories":[1,4,5,10],"tags":[],"class_list":["post-5299","post","type-post","status-publish","format-standard","hentry","category-general","category-portada","category-primaria","category-10"],"post_mailing_queue_ids":[],"_links":{"self":[{"href":"https:\/\/agora.xtec.cat\/ceipparealgue\/wp-json\/wp\/v2\/posts\/5299","targetHints":{"allow":["GET"]}}],"collection":[{"href":"https:\/\/agora.xtec.cat\/ceipparealgue\/wp-json\/wp\/v2\/posts"}],"about":[{"href":"https:\/\/agora.xtec.cat\/ceipparealgue\/wp-json\/wp\/v2\/types\/post"}],"author":[{"embeddable":true,"href":"https:\/\/agora.xtec.cat\/ceipparealgue\/wp-json\/wp\/v2\/users\/52"}],"replies":[{"embeddable":true,"href":"https:\/\/agora.xtec.cat\/ceipparealgue\/wp-json\/wp\/v2\/comments?post=5299"}],"version-history":[{"count":6,"href":"https:\/\/agora.xtec.cat\/ceipparealgue\/wp-json\/wp\/v2\/posts\/5299\/revisions"}],"predecessor-version":[{"id":5314,"href":"https:\/\/agora.xtec.cat\/ceipparealgue\/wp-json\/wp\/v2\/posts\/5299\/revisions\/5314"}],"wp:attachment":[{"href":"https:\/\/agora.xtec.cat\/ceipparealgue\/wp-json\/wp\/v2\/media?parent=5299"}],"wp:term":[{"taxonomy":"category","embeddable":true,"href":"https:\/\/agora.xtec.cat\/ceipparealgue\/wp-json\/wp\/v2\/categories?post=5299"},{"taxonomy":"post_tag","embeddable":true,"href":"https:\/\/agora.xtec.cat\/ceipparealgue\/wp-json\/wp\/v2\/tags?post=5299"}],"curies":[{"name":"wp","href":"https:\/\/api.w.org\/{rel}","templated":true}]}}