{"id":5220,"date":"2024-01-11T09:25:12","date_gmt":"2024-01-11T08:25:12","guid":{"rendered":"https:\/\/agora.xtec.cat\/ceipparealgue\/?p=5220"},"modified":"2024-01-11T09:25:12","modified_gmt":"2024-01-11T08:25:12","slug":"marxem-de-colonies-a-la-neu","status":"publish","type":"post","link":"https:\/\/agora.xtec.cat\/ceipparealgue\/general\/marxem-de-colonies-a-la-neu\/","title":{"rendered":"Marxem de col\u00f2nies a la neu!"},"content":{"rendered":"<p>Els m\u00e9s grans de l&#8217;escola marxem de col\u00f2nies al Port del Comte, all\u00e0 esquiarem, anirem amb trineu i farem moltes activitats. Clicant a la imatge podreu anar veient fotografies del que anem fent. Ens ho passarem molt b\u00e9!<\/p>\n<p><a href=\"https:\/\/photos.app.goo.gl\/aQGjCiYNez9x547n9\"><img loading=\"lazy\" decoding=\"async\" class=\"wp-image-5222 aligncenter\" src=\"https:\/\/agora.xtec.cat\/ceipparealgue\/wp-content\/uploads\/usu157\/2024\/01\/Blue-and-White-Illustrated-Winter-Christmas-Trivia-Quiz-Presentation-1024x576.png\" alt=\"\" width=\"642\" height=\"361\" srcset=\"https:\/\/agora.xtec.cat\/ceipparealgue\/wp-content\/uploads\/usu157\/2024\/01\/Blue-and-White-Illustrated-Winter-Christmas-Trivia-Quiz-Presentation-1024x576.png 1024w, https:\/\/agora.xtec.cat\/ceipparealgue\/wp-content\/uploads\/usu157\/2024\/01\/Blue-and-White-Illustrated-Winter-Christmas-Trivia-Quiz-Presentation-300x169.png 300w, https:\/\/agora.xtec.cat\/ceipparealgue\/wp-content\/uploads\/usu157\/2024\/01\/Blue-and-White-Illustrated-Winter-Christmas-Trivia-Quiz-Presentation-768x432.png 768w, https:\/\/agora.xtec.cat\/ceipparealgue\/wp-content\/uploads\/usu157\/2024\/01\/Blue-and-White-Illustrated-Winter-Christmas-Trivia-Quiz-Presentation-1536x864.png 1536w, https:\/\/agora.xtec.cat\/ceipparealgue\/wp-content\/uploads\/usu157\/2024\/01\/Blue-and-White-Illustrated-Winter-Christmas-Trivia-Quiz-Presentation.png 1920w\" sizes=\"auto, (max-width: 642px) 100vw, 642px\" \/><\/a><\/p>\n","protected":false},"excerpt":{"rendered":"<p>Els m\u00e9s grans de l&#8217;escola marxem de col\u00f2nies al Port del Comte, all\u00e0 esquiarem, anirem amb trineu i farem moltes activitats. Clicant a la imatge podreu anar veient fotografies del que anem fent. Ens ho passarem molt b\u00e9!<br \/>\n<a href=\"https:\/\/photos.app.goo.gl\/aQGjCiYNez9x547n9\"><\/a><\/p>\n","protected":false},"author":1,"featured_media":0,"comment_status":"open","ping_status":"closed","sticky":false,"template":"","format":"standard","meta":{"_bbp_topic_count":0,"_bbp_reply_count":0,"_bbp_total_topic_count":0,"_bbp_total_reply_count":0,"_bbp_voice_count":0,"_bbp_anonymous_reply_count":0,"_bbp_topic_count_hidden":0,"_bbp_reply_count_hidden":0,"_bbp_forum_subforum_count":0,"footnotes":""},"categories":[1,4,5,11,10,9,8],"tags":[],"class_list":["post-5220","post","type-post","status-publish","format-standard","hentry","category-general","category-portada","category-primaria","category-11","category-10","category-9","category-8"],"post_mailing_queue_ids":[],"_links":{"self":[{"href":"https:\/\/agora.xtec.cat\/ceipparealgue\/wp-json\/wp\/v2\/posts\/5220","targetHints":{"allow":["GET"]}}],"collection":[{"href":"https:\/\/agora.xtec.cat\/ceipparealgue\/wp-json\/wp\/v2\/posts"}],"about":[{"href":"https:\/\/agora.xtec.cat\/ceipparealgue\/wp-json\/wp\/v2\/types\/post"}],"author":[{"embeddable":true,"href":"https:\/\/agora.xtec.cat\/ceipparealgue\/wp-json\/wp\/v2\/users\/1"}],"replies":[{"embeddable":true,"href":"https:\/\/agora.xtec.cat\/ceipparealgue\/wp-json\/wp\/v2\/comments?post=5220"}],"version-history":[{"count":3,"href":"https:\/\/agora.xtec.cat\/ceipparealgue\/wp-json\/wp\/v2\/posts\/5220\/revisions"}],"predecessor-version":[{"id":5224,"href":"https:\/\/agora.xtec.cat\/ceipparealgue\/wp-json\/wp\/v2\/posts\/5220\/revisions\/5224"}],"wp:attachment":[{"href":"https:\/\/agora.xtec.cat\/ceipparealgue\/wp-json\/wp\/v2\/media?parent=5220"}],"wp:term":[{"taxonomy":"category","embeddable":true,"href":"https:\/\/agora.xtec.cat\/ceipparealgue\/wp-json\/wp\/v2\/categories?post=5220"},{"taxonomy":"post_tag","embeddable":true,"href":"https:\/\/agora.xtec.cat\/ceipparealgue\/wp-json\/wp\/v2\/tags?post=5220"}],"curies":[{"name":"wp","href":"https:\/\/api.w.org\/{rel}","templated":true}]}}