{"id":5214,"date":"2023-12-21T23:49:37","date_gmt":"2023-12-21T22:49:37","guid":{"rendered":"https:\/\/agora.xtec.cat\/ceipparealgue\/?p=5214"},"modified":"2024-01-12T18:23:25","modified_gmt":"2024-01-12T17:23:25","slug":"el-nadal-a-lescola","status":"publish","type":"post","link":"https:\/\/agora.xtec.cat\/ceipparealgue\/general\/el-nadal-a-lescola\/","title":{"rendered":"EL NADAL A L&#8217;ESCOLA"},"content":{"rendered":"<p><span style=\"font-weight: 400;\">El Nadal ha arribat a l&#8217;escola Pare Algu\u00e9. Durant aquests dies hem fet un munt de coses:<\/span><\/p>\n<ul>\n<li><span style=\"font-weight: 400;\">Des de principis de desembre els i les alumnes de l&#8217;escola han elaborat uns detalls per guarnir un gran arbre de Nadal i unes figures de pessebre amb plastilina per aix\u00ed crear un pessebre entre tots i totes.<\/span><\/li>\n<li style=\"font-weight: 400;\" aria-level=\"1\"><span style=\"font-weight: 400;\">Els m\u00e9s petits de l&#8217;escola cada dia de desembre hem obert el calendari d&#8217;advent i ens hem trobat una petita sorpresa.<\/span><\/li>\n<li style=\"font-weight: 400;\" aria-level=\"1\"><span style=\"font-weight: 400;\">Ens ha visitat el patge reial, li hem pogut explicar els nostres desitjos i ell ens ha donat unes xocolatines d&#8217;all\u00f2 m\u00e9s bones.<\/span><\/li>\n<li style=\"font-weight: 400;\" aria-level=\"1\"><span style=\"font-weight: 400;\">Els alumnes d&#8217;I5, 1r i 2n vam anar a la resid\u00e8ncia Mont Blanc a cantar davant els avis i les \u00e0vies i els hi vam donar un petit detall. Va ser una experi\u00e8ncia molt bonica.<\/span><\/li>\n<li style=\"font-weight: 400;\" aria-level=\"1\"><span style=\"font-weight: 400;\">Vam celebrar un concert de Nadal molt especial on les fam\u00edlies van poder veure les can\u00e7ons i els poemes que ens hav\u00edem estat preparant. Moltes gr\u00e0cies a tots i totes per haver-hi assistit, ens ha fet molt feli\u00e7os.<\/span><\/li>\n<\/ul>\n<p><span style=\"font-weight: 400;\">Finalment, l&#8217;\u00faltim dia d&#8217;escola va ser ple d&#8217;emocions! Els m\u00e9s petits de l&#8217;escola vam fer cagar el ti\u00f3 i els grans vam fer l&#8217;amic invisible, acompanyat d&#8217;un bon pica-pica. Tamb\u00e9, ens va visitar el Pare Nadal. Estava molt content de poder-nos veure de nou i ens va portar un regal per cada classe aix\u00ed com unes llaminadures bon\u00edssimes.<\/span><\/p>\n<p><span style=\"font-weight: 400;\">Han sigut uns dies plens de m\u00e0gia! Volem agrair a tothom per haver fet possible celebrar un any m\u00e9s el Nadal a l&#8217;escola Pare Algu\u00e9.<\/span><\/p>\n<p><span style=\"font-weight: 400;\">Trobareu un recull d&#8217;imatges i v\u00eddeos clicant sobre la seg\u00fcent fotografia:<\/span><\/p>\n<p><a href=\"https:\/\/photos.app.goo.gl\/QTDp6kQcT1baGiJy9\"><img loading=\"lazy\" decoding=\"async\" class=\"wp-image-5215 aligncenter\" src=\"https:\/\/agora.xtec.cat\/ceipparealgue\/wp-content\/uploads\/usu157\/2023\/12\/White-And-Pink-Simple-Merry-Christmas-Instagram-Post-1024x1024.png\" alt=\"\" width=\"329\" height=\"329\" srcset=\"https:\/\/agora.xtec.cat\/ceipparealgue\/wp-content\/uploads\/usu157\/2023\/12\/White-And-Pink-Simple-Merry-Christmas-Instagram-Post-1024x1024.png 1024w, https:\/\/agora.xtec.cat\/ceipparealgue\/wp-content\/uploads\/usu157\/2023\/12\/White-And-Pink-Simple-Merry-Christmas-Instagram-Post-300x300.png 300w, https:\/\/agora.xtec.cat\/ceipparealgue\/wp-content\/uploads\/usu157\/2023\/12\/White-And-Pink-Simple-Merry-Christmas-Instagram-Post-150x150.png 150w, https:\/\/agora.xtec.cat\/ceipparealgue\/wp-content\/uploads\/usu157\/2023\/12\/White-And-Pink-Simple-Merry-Christmas-Instagram-Post-768x768.png 768w, https:\/\/agora.xtec.cat\/ceipparealgue\/wp-content\/uploads\/usu157\/2023\/12\/White-And-Pink-Simple-Merry-Christmas-Instagram-Post.png 1080w\" sizes=\"auto, (max-width: 329px) 100vw, 329px\" \/><\/a><\/p>\n","protected":false},"excerpt":{"rendered":"<p>El Nadal ha arribat a l&#8217;escola Pare Algu\u00e9. Durant aquests dies hem fet un munt de coses:<\/p>\n<ul>\n<li>Des de principis de desembre els i les alumnes de l&#8217;escola han elaborat uns detalls per guarnir un gran arbre de Nadal i unes figures de pessebre amb plastilina&hellip;  <a href=\"https:\/\/agora.xtec.cat\/ceipparealgue\/general\/el-nadal-a-lescola\/\" title=\"Read EL NADAL A L&#8217;ESCOLA\">Llegeix m\u00e9s\u00bb<\/a><br \/>\n","protected":false},"author":1,"featured_media":0,"comment_status":"open","ping_status":"closed","sticky":false,"template":"","format":"standard","meta":{"_bbp_topic_count":0,"_bbp_reply_count":0,"_bbp_total_topic_count":0,"_bbp_total_reply_count":0,"_bbp_voice_count":0,"_bbp_anonymous_reply_count":0,"_bbp_topic_count_hidden":0,"_bbp_reply_count_hidden":0,"_bbp_forum_subforum_count":0,"footnotes":""},"categories":[1,2,4,5,11,10,9,8,3,66,68,73,81],"tags":[],"class_list":["post-5214","post","type-post","status-publish","format-standard","hentry","category-general","category-infantil","category-portada","category-primaria","category-11","category-10","category-9","category-8","category-3","category-66","category-68","category-promocio-2019","category-promocio-2020-i3"],"post_mailing_queue_ids":[],"_links":{"self":[{"href":"https:\/\/agora.xtec.cat\/ceipparealgue\/wp-json\/wp\/v2\/posts\/5214","targetHints":{"allow":["GET"]}}],"collection":[{"href":"https:\/\/agora.xtec.cat\/ceipparealgue\/wp-json\/wp\/v2\/posts"}],"about":[{"href":"https:\/\/agora.xtec.cat\/ceipparealgue\/wp-json\/wp\/v2\/types\/post"}],"author":[{"embeddable":true,"href":"https:\/\/agora.xtec.cat\/ceipparealgue\/wp-json\/wp\/v2\/users\/1"}],"replies":[{"embeddable":true,"href":"https:\/\/agora.xtec.cat\/ceipparealgue\/wp-json\/wp\/v2\/comments?post=5214"}],"version-history":[{"count":3,"href":"https:\/\/agora.xtec.cat\/ceipparealgue\/wp-json\/wp\/v2\/posts\/5214\/revisions"}],"predecessor-version":[{"id":5233,"href":"https:\/\/agora.xtec.cat\/ceipparealgue\/wp-json\/wp\/v2\/posts\/5214\/revisions\/5233"}],"wp:attachment":[{"href":"https:\/\/agora.xtec.cat\/ceipparealgue\/wp-json\/wp\/v2\/media?parent=5214"}],"wp:term":[{"taxonomy":"category","embeddable":true,"href":"https:\/\/agora.xtec.cat\/ceipparealgue\/wp-json\/wp\/v2\/categories?post=5214"},{"taxonomy":"post_tag","embeddable":true,"href":"https:\/\/agora.xtec.cat\/ceipparealgue\/wp-json\/wp\/v2\/tags?post=5214"}],"curies":[{"name":"wp","href":"https:\/\/api.w.org\/{rel}","templated":true}]}}