{"id":5088,"date":"2023-10-31T09:09:31","date_gmt":"2023-10-31T08:09:31","guid":{"rendered":"https:\/\/agora.xtec.cat\/ceipparealgue\/?p=5088"},"modified":"2023-10-31T09:09:31","modified_gmt":"2023-10-31T08:09:31","slug":"castanyada-2023","status":"publish","type":"post","link":"https:\/\/agora.xtec.cat\/ceipparealgue\/general\/castanyada-2023\/","title":{"rendered":"Castanyada 2023"},"content":{"rendered":"<p>Avui dilluns dia 30 d&#8217;octubre hem celebrat la Castanyada a l&#8217;Escola Pare Algu\u00e9. Les Castanyeres i els Castanyers han fet danses populars per comen\u00e7ar la festa i tot seguit hem menjat castanyes. Estaven molt bones! Per celebrar-ho hem fet una estona de ballaruca amb molta m\u00fasica.<\/p>\n<p>Agrair la participaci\u00f3 de tots els i les mestres, personal de l\u2019escola i, tamb\u00e9, a les fam\u00edlies, que han fet una gran feinada preparant les castanyes. MOLTES GR\u00c0CIES! \ud83d\ude42<\/p>\n<p>Si cliqueu a la imatge veureu que b\u00e9 ens ho hem passat!<\/p>\n<p><a href=\"https:\/\/photos.app.goo.gl\/7tDKiYExvK8AgKA79\"><img loading=\"lazy\" decoding=\"async\" class=\"wp-image-5090 aligncenter\" src=\"https:\/\/agora.xtec.cat\/ceipparealgue\/wp-content\/uploads\/usu157\/2023\/10\/FESTA-DE-LA-CASTANYADA-2023-724x1024.jpg\" alt=\"\" width=\"261\" height=\"369\" srcset=\"https:\/\/agora.xtec.cat\/ceipparealgue\/wp-content\/uploads\/usu157\/2023\/10\/FESTA-DE-LA-CASTANYADA-2023-724x1024.jpg 724w, https:\/\/agora.xtec.cat\/ceipparealgue\/wp-content\/uploads\/usu157\/2023\/10\/FESTA-DE-LA-CASTANYADA-2023-212x300.jpg 212w, https:\/\/agora.xtec.cat\/ceipparealgue\/wp-content\/uploads\/usu157\/2023\/10\/FESTA-DE-LA-CASTANYADA-2023-768x1086.jpg 768w, https:\/\/agora.xtec.cat\/ceipparealgue\/wp-content\/uploads\/usu157\/2023\/10\/FESTA-DE-LA-CASTANYADA-2023-1086x1536.jpg 1086w, https:\/\/agora.xtec.cat\/ceipparealgue\/wp-content\/uploads\/usu157\/2023\/10\/FESTA-DE-LA-CASTANYADA-2023.jpg 1414w\" sizes=\"auto, (max-width: 261px) 100vw, 261px\" \/><\/a><\/p>\n","protected":false},"excerpt":{"rendered":"<p>Avui dilluns dia 30 d&#8217;octubre hem celebrat la Castanyada a l&#8217;Escola Pare Algu\u00e9. Les Castanyeres i els Castanyers han fet danses populars per comen\u00e7ar la festa i tot seguit hem menjat castanyes. Estaven molt bones! Per celebrar-ho hem fet una estona de ballaruca amb molta&hellip;  <a href=\"https:\/\/agora.xtec.cat\/ceipparealgue\/general\/castanyada-2023\/\" title=\"Read Castanyada 2023\">Llegeix m\u00e9s\u00bb<\/a><\/p>\n","protected":false},"author":1,"featured_media":0,"comment_status":"open","ping_status":"closed","sticky":false,"template":"","format":"standard","meta":{"_bbp_topic_count":0,"_bbp_reply_count":0,"_bbp_total_topic_count":0,"_bbp_total_reply_count":0,"_bbp_voice_count":0,"_bbp_anonymous_reply_count":0,"_bbp_topic_count_hidden":0,"_bbp_reply_count_hidden":0,"_bbp_forum_subforum_count":0,"footnotes":""},"categories":[7,1,2,4,5,11,10,9,8,3,66,68,73,81],"tags":[],"class_list":["post-5088","post","type-post","status-publish","format-standard","hentry","category-ampa","category-general","category-infantil","category-portada","category-primaria","category-11","category-10","category-9","category-8","category-3","category-66","category-68","category-promocio-2019","category-promocio-2020-i3"],"post_mailing_queue_ids":[],"_links":{"self":[{"href":"https:\/\/agora.xtec.cat\/ceipparealgue\/wp-json\/wp\/v2\/posts\/5088","targetHints":{"allow":["GET"]}}],"collection":[{"href":"https:\/\/agora.xtec.cat\/ceipparealgue\/wp-json\/wp\/v2\/posts"}],"about":[{"href":"https:\/\/agora.xtec.cat\/ceipparealgue\/wp-json\/wp\/v2\/types\/post"}],"author":[{"embeddable":true,"href":"https:\/\/agora.xtec.cat\/ceipparealgue\/wp-json\/wp\/v2\/users\/1"}],"replies":[{"embeddable":true,"href":"https:\/\/agora.xtec.cat\/ceipparealgue\/wp-json\/wp\/v2\/comments?post=5088"}],"version-history":[{"count":4,"href":"https:\/\/agora.xtec.cat\/ceipparealgue\/wp-json\/wp\/v2\/posts\/5088\/revisions"}],"predecessor-version":[{"id":5093,"href":"https:\/\/agora.xtec.cat\/ceipparealgue\/wp-json\/wp\/v2\/posts\/5088\/revisions\/5093"}],"wp:attachment":[{"href":"https:\/\/agora.xtec.cat\/ceipparealgue\/wp-json\/wp\/v2\/media?parent=5088"}],"wp:term":[{"taxonomy":"category","embeddable":true,"href":"https:\/\/agora.xtec.cat\/ceipparealgue\/wp-json\/wp\/v2\/categories?post=5088"},{"taxonomy":"post_tag","embeddable":true,"href":"https:\/\/agora.xtec.cat\/ceipparealgue\/wp-json\/wp\/v2\/tags?post=5088"}],"curies":[{"name":"wp","href":"https:\/\/api.w.org\/{rel}","templated":true}]}}