{"id":5079,"date":"2023-10-29T20:37:46","date_gmt":"2023-10-29T19:37:46","guid":{"rendered":"https:\/\/agora.xtec.cat\/ceipparealgue\/?p=5079"},"modified":"2023-10-29T20:39:00","modified_gmt":"2023-10-29T19:39:00","slug":"i4-i5-camina-descalc-amb-els-5-sentits-pel-bosc-vertical","status":"publish","type":"post","link":"https:\/\/agora.xtec.cat\/ceipparealgue\/portada\/i4-i5-camina-descalc-amb-els-5-sentits-pel-bosc-vertical\/","title":{"rendered":"i4-i5: CAMINA DESCAL\u00c7 AMB ELS 5 SENTITS PEL BOSC VERTICAL"},"content":{"rendered":"<p>Hola fam\u00edlies,<\/p>\n<p>Fa uns dies vam anar al Bosc Vertical de Dosrius a caminar descal\u00e7os pel bosc. All\u00e0 vam poder voltar pel bosc tot treballant i gaudint dels 5 sentits. Ens vam tapar els ulls per poder notar molt m\u00e9s el tacte, vam poder olorar plantes arom\u00e0tiques, vam fer equilibris amb els peus i tamb\u00e9 vam endevinar rastres d&#8217;animals del bosc.<\/p>\n<p>La veritat \u00e9s que vam gaudir molt i va ser un dia bonic per compartir infants i mestres.<\/p>\n<p>Clicant a la seg\u00fcent foto podreu veure les imatges de la sortida, esperem que us agradin.<\/p>\n<p><a href=\"https:\/\/photos.app.goo.gl\/cKpJBis6KbqKDiV8A\"><img loading=\"lazy\" decoding=\"async\" class=\"alignnone wp-image-5080\" src=\"https:\/\/agora.xtec.cat\/ceipparealgue\/wp-content\/uploads\/usu157\/2023\/10\/29D05DBB-C91B-4BA6-B733-E03B43F08A95-576x1024.jpg\" alt=\"\" width=\"254\" height=\"452\" \/><\/a><\/p>\n<p>Fins la propera fam\u00edlies!<\/p>\n<p>&nbsp;<\/p>\n<p>&nbsp;<\/p>\n","protected":false},"excerpt":{"rendered":"<p>Hola fam\u00edlies,<br \/>\nFa uns dies vam anar al Bosc Vertical de Dosrius a caminar descal\u00e7os pel bosc. All\u00e0 vam poder voltar pel bosc tot treballant i gaudint dels 5 sentits. Ens vam tapar els ulls per poder notar molt m\u00e9s el tacte, vam poder olorar plantes&hellip;  <a href=\"https:\/\/agora.xtec.cat\/ceipparealgue\/portada\/i4-i5-camina-descalc-amb-els-5-sentits-pel-bosc-vertical\/\" title=\"Read i4-i5: CAMINA DESCAL\u00c7 AMB ELS 5 SENTITS PEL BOSC VERTICAL\">Llegeix m\u00e9s\u00bb<\/a><\/p>\n","protected":false},"author":49,"featured_media":5080,"comment_status":"open","ping_status":"closed","sticky":false,"template":"","format":"standard","meta":{"_bbp_topic_count":0,"_bbp_reply_count":0,"_bbp_total_topic_count":0,"_bbp_total_reply_count":0,"_bbp_voice_count":0,"_bbp_anonymous_reply_count":0,"_bbp_topic_count_hidden":0,"_bbp_reply_count_hidden":0,"_bbp_forum_subforum_count":0,"footnotes":""},"categories":[4,68,73],"tags":[],"class_list":["post-5079","post","type-post","status-publish","format-standard","has-post-thumbnail","hentry","category-portada","category-68","category-promocio-2019"],"post_mailing_queue_ids":[],"_links":{"self":[{"href":"https:\/\/agora.xtec.cat\/ceipparealgue\/wp-json\/wp\/v2\/posts\/5079","targetHints":{"allow":["GET"]}}],"collection":[{"href":"https:\/\/agora.xtec.cat\/ceipparealgue\/wp-json\/wp\/v2\/posts"}],"about":[{"href":"https:\/\/agora.xtec.cat\/ceipparealgue\/wp-json\/wp\/v2\/types\/post"}],"author":[{"embeddable":true,"href":"https:\/\/agora.xtec.cat\/ceipparealgue\/wp-json\/wp\/v2\/users\/49"}],"replies":[{"embeddable":true,"href":"https:\/\/agora.xtec.cat\/ceipparealgue\/wp-json\/wp\/v2\/comments?post=5079"}],"version-history":[{"count":1,"href":"https:\/\/agora.xtec.cat\/ceipparealgue\/wp-json\/wp\/v2\/posts\/5079\/revisions"}],"predecessor-version":[{"id":5081,"href":"https:\/\/agora.xtec.cat\/ceipparealgue\/wp-json\/wp\/v2\/posts\/5079\/revisions\/5081"}],"wp:featuredmedia":[{"embeddable":true,"href":"https:\/\/agora.xtec.cat\/ceipparealgue\/wp-json\/wp\/v2\/media\/5080"}],"wp:attachment":[{"href":"https:\/\/agora.xtec.cat\/ceipparealgue\/wp-json\/wp\/v2\/media?parent=5079"}],"wp:term":[{"taxonomy":"category","embeddable":true,"href":"https:\/\/agora.xtec.cat\/ceipparealgue\/wp-json\/wp\/v2\/categories?post=5079"},{"taxonomy":"post_tag","embeddable":true,"href":"https:\/\/agora.xtec.cat\/ceipparealgue\/wp-json\/wp\/v2\/tags?post=5079"}],"curies":[{"name":"wp","href":"https:\/\/api.w.org\/{rel}","templated":true}]}}