{"id":5023,"date":"2023-09-29T10:18:38","date_gmt":"2023-09-29T08:18:38","guid":{"rendered":"https:\/\/agora.xtec.cat\/ceipparealgue\/?p=5023"},"modified":"2023-10-19T13:12:17","modified_gmt":"2023-10-19T11:12:17","slug":"aniversaris-del-grup-de-sise-curs-2023-2024","status":"publish","type":"post","link":"https:\/\/agora.xtec.cat\/ceipparealgue\/general\/aniversaris-del-grup-de-sise-curs-2023-2024\/","title":{"rendered":"ANIVERSARIS DEL GRUP DE SIS\u00c8 (CURS 2023-2024)"},"content":{"rendered":"<p>Un nou curs ha comen\u00e7at i ja tenim els aniversaris de setembre aqu\u00ed! Ho hem celebrat avui i aprofitarem aquesta entrada per anar afegint les fotografies dels aniversaris de sis\u00e8 de tot el curs, aix\u00ed les fam\u00edlies i el propi alumnat les podr\u00e0 veure quan vulgui. A continuaci\u00f3, us afegim l&#8217;enlla\u00e7 de la carpeta:<\/p>\n<p><a href=\"https:\/\/photos.app.goo.gl\/Uo2f2mAdMUNu638i8\">ANIVERSARIS 6\u00e8 CURS 2023-2024<\/a><\/p>\n","protected":false},"excerpt":{"rendered":"<p>Un nou curs ha comen\u00e7at i ja tenim els aniversaris de setembre aqu\u00ed! Ho hem celebrat avui i aprofitarem aquesta entrada per anar afegint les fotografies dels aniversaris de sis\u00e8 de tot el curs, aix\u00ed les fam\u00edlies i el propi alumnat les podr\u00e0 veure quan&hellip;  <a href=\"https:\/\/agora.xtec.cat\/ceipparealgue\/general\/aniversaris-del-grup-de-sise-curs-2023-2024\/\" title=\"Read ANIVERSARIS DEL GRUP DE SIS\u00c8 (CURS 2023-2024)\">Llegeix m\u00e9s\u00bb<\/a><\/p>\n","protected":false},"author":52,"featured_media":0,"comment_status":"open","ping_status":"closed","sticky":false,"template":"","format":"standard","meta":{"_bbp_topic_count":0,"_bbp_reply_count":0,"_bbp_total_topic_count":0,"_bbp_total_reply_count":0,"_bbp_voice_count":0,"_bbp_anonymous_reply_count":0,"_bbp_topic_count_hidden":0,"_bbp_reply_count_hidden":0,"_bbp_forum_subforum_count":0,"footnotes":""},"categories":[1,4,11],"tags":[],"class_list":["post-5023","post","type-post","status-publish","format-standard","hentry","category-general","category-portada","category-11"],"post_mailing_queue_ids":[],"_links":{"self":[{"href":"https:\/\/agora.xtec.cat\/ceipparealgue\/wp-json\/wp\/v2\/posts\/5023","targetHints":{"allow":["GET"]}}],"collection":[{"href":"https:\/\/agora.xtec.cat\/ceipparealgue\/wp-json\/wp\/v2\/posts"}],"about":[{"href":"https:\/\/agora.xtec.cat\/ceipparealgue\/wp-json\/wp\/v2\/types\/post"}],"author":[{"embeddable":true,"href":"https:\/\/agora.xtec.cat\/ceipparealgue\/wp-json\/wp\/v2\/users\/52"}],"replies":[{"embeddable":true,"href":"https:\/\/agora.xtec.cat\/ceipparealgue\/wp-json\/wp\/v2\/comments?post=5023"}],"version-history":[{"count":1,"href":"https:\/\/agora.xtec.cat\/ceipparealgue\/wp-json\/wp\/v2\/posts\/5023\/revisions"}],"predecessor-version":[{"id":5024,"href":"https:\/\/agora.xtec.cat\/ceipparealgue\/wp-json\/wp\/v2\/posts\/5023\/revisions\/5024"}],"wp:attachment":[{"href":"https:\/\/agora.xtec.cat\/ceipparealgue\/wp-json\/wp\/v2\/media?parent=5023"}],"wp:term":[{"taxonomy":"category","embeddable":true,"href":"https:\/\/agora.xtec.cat\/ceipparealgue\/wp-json\/wp\/v2\/categories?post=5023"},{"taxonomy":"post_tag","embeddable":true,"href":"https:\/\/agora.xtec.cat\/ceipparealgue\/wp-json\/wp\/v2\/tags?post=5023"}],"curies":[{"name":"wp","href":"https:\/\/api.w.org\/{rel}","templated":true}]}}