{"id":4970,"date":"2023-07-13T09:40:19","date_gmt":"2023-07-13T07:40:19","guid":{"rendered":"https:\/\/agora.xtec.cat\/ceipparealgue\/?p=4970"},"modified":"2023-07-13T09:40:19","modified_gmt":"2023-07-13T07:40:19","slug":"reunions-dinici-de-curs","status":"publish","type":"post","link":"https:\/\/agora.xtec.cat\/ceipparealgue\/general\/reunions-dinici-de-curs\/","title":{"rendered":"REUNIONS D&#8217;INICI DE CURS"},"content":{"rendered":"<p>La reuni\u00f3 de pares i mares d&#8217;inici de curs es dur\u00e0 a terme el <strong>DIMARTS<\/strong><strong> 5 DE SETEMBRE. <\/strong>Les reunions de cada curs es faran a les aules corresponents. Els horaris s\u00f3n els seg\u00fcents:<\/p>\n<div><b>Educaci\u00f3 infantil a les 9&#8217;30<\/b><\/div>\n<div><b>Cicle inicial a les 10&#8217;30<\/b><\/div>\n<div><b>Cicle mitj\u00e0 a les 11&#8217;30<\/b><\/div>\n<div><b>Cicle superior a les 12&#8217;30<\/b><\/div>\n","protected":false},"excerpt":{"rendered":"<p>La reuni\u00f3 de pares i mares d&#8217;inici de curs es dur\u00e0 a terme el DIMARTS 5 DE SETEMBRE. Les reunions de cada curs es faran a les aules corresponents. Els horaris s\u00f3n els seg\u00fcents:<br \/>\nEducaci\u00f3 infantil a les 9&#8217;30<br \/>\nCicle inicial a les 10&#8217;30<br \/>\nCicle mitj\u00e0 a les&hellip;  <a href=\"https:\/\/agora.xtec.cat\/ceipparealgue\/general\/reunions-dinici-de-curs\/\" title=\"Read REUNIONS D&#8217;INICI DE CURS\">Llegeix m\u00e9s\u00bb<\/a><\/p>\n","protected":false},"author":1,"featured_media":0,"comment_status":"open","ping_status":"closed","sticky":false,"template":"","format":"standard","meta":{"_bbp_topic_count":0,"_bbp_reply_count":0,"_bbp_total_topic_count":0,"_bbp_total_reply_count":0,"_bbp_voice_count":0,"_bbp_anonymous_reply_count":0,"_bbp_topic_count_hidden":0,"_bbp_reply_count_hidden":0,"_bbp_forum_subforum_count":0,"footnotes":""},"categories":[1,2,4,5,11,10,9,8,3,66,68,73],"tags":[],"class_list":["post-4970","post","type-post","status-publish","format-standard","hentry","category-general","category-infantil","category-portada","category-primaria","category-11","category-10","category-9","category-8","category-3","category-66","category-68","category-promocio-2019"],"post_mailing_queue_ids":[],"_links":{"self":[{"href":"https:\/\/agora.xtec.cat\/ceipparealgue\/wp-json\/wp\/v2\/posts\/4970","targetHints":{"allow":["GET"]}}],"collection":[{"href":"https:\/\/agora.xtec.cat\/ceipparealgue\/wp-json\/wp\/v2\/posts"}],"about":[{"href":"https:\/\/agora.xtec.cat\/ceipparealgue\/wp-json\/wp\/v2\/types\/post"}],"author":[{"embeddable":true,"href":"https:\/\/agora.xtec.cat\/ceipparealgue\/wp-json\/wp\/v2\/users\/1"}],"replies":[{"embeddable":true,"href":"https:\/\/agora.xtec.cat\/ceipparealgue\/wp-json\/wp\/v2\/comments?post=4970"}],"version-history":[{"count":2,"href":"https:\/\/agora.xtec.cat\/ceipparealgue\/wp-json\/wp\/v2\/posts\/4970\/revisions"}],"predecessor-version":[{"id":4973,"href":"https:\/\/agora.xtec.cat\/ceipparealgue\/wp-json\/wp\/v2\/posts\/4970\/revisions\/4973"}],"wp:attachment":[{"href":"https:\/\/agora.xtec.cat\/ceipparealgue\/wp-json\/wp\/v2\/media?parent=4970"}],"wp:term":[{"taxonomy":"category","embeddable":true,"href":"https:\/\/agora.xtec.cat\/ceipparealgue\/wp-json\/wp\/v2\/categories?post=4970"},{"taxonomy":"post_tag","embeddable":true,"href":"https:\/\/agora.xtec.cat\/ceipparealgue\/wp-json\/wp\/v2\/tags?post=4970"}],"curies":[{"name":"wp","href":"https:\/\/api.w.org\/{rel}","templated":true}]}}