{"id":4943,"date":"2023-06-08T11:15:38","date_gmt":"2023-06-08T09:15:38","guid":{"rendered":"https:\/\/agora.xtec.cat\/ceipparealgue\/?p=4943"},"modified":"2023-06-08T11:15:38","modified_gmt":"2023-06-08T09:15:38","slug":"percussio-corporal","status":"publish","type":"post","link":"https:\/\/agora.xtec.cat\/ceipparealgue\/general\/percussio-corporal\/","title":{"rendered":"PERCUSSI\u00d3 CORPORAL"},"content":{"rendered":"<p>El passat dijous 1 de juny els infants de 4t van participar al taller de percussi\u00f3 corparal a c\u00e0rrec d&#8217;en Marc Sibila.<\/p>\n<p>Per mirar les fotografies cliqueu aqu\u00ed.<\/p>\n<p><a href=\"https:\/\/photos.app.goo.gl\/18kuGGRk7GiRYA5g7\">https:\/\/photos.app.goo.gl\/18kuGGRk7GiRYA5g7<\/a><\/p>\n","protected":false},"excerpt":{"rendered":"<p>El passat dijous 1 de juny els infants de 4t van participar al taller de percussi\u00f3 corparal a c\u00e0rrec d&#8217;en Marc Sibila.<br \/>\nPer mirar les fotografies cliqueu aqu\u00ed.<br \/>\n<a href=\"https:\/\/photos.app.goo.gl\/18kuGGRk7GiRYA5g7\">https:\/\/photos.app.goo.gl\/18kuGGRk7GiRYA5g7<\/a><\/p>\n","protected":false},"author":51,"featured_media":0,"comment_status":"closed","ping_status":"closed","sticky":false,"template":"","format":"standard","meta":{"_bbp_topic_count":0,"_bbp_reply_count":0,"_bbp_total_topic_count":0,"_bbp_total_reply_count":0,"_bbp_voice_count":0,"_bbp_anonymous_reply_count":0,"_bbp_topic_count_hidden":0,"_bbp_reply_count_hidden":0,"_bbp_forum_subforum_count":0,"footnotes":""},"categories":[1,4,5,10],"tags":[],"class_list":["post-4943","post","type-post","status-publish","format-standard","hentry","category-general","category-portada","category-primaria","category-10"],"post_mailing_queue_ids":[],"_links":{"self":[{"href":"https:\/\/agora.xtec.cat\/ceipparealgue\/wp-json\/wp\/v2\/posts\/4943","targetHints":{"allow":["GET"]}}],"collection":[{"href":"https:\/\/agora.xtec.cat\/ceipparealgue\/wp-json\/wp\/v2\/posts"}],"about":[{"href":"https:\/\/agora.xtec.cat\/ceipparealgue\/wp-json\/wp\/v2\/types\/post"}],"author":[{"embeddable":true,"href":"https:\/\/agora.xtec.cat\/ceipparealgue\/wp-json\/wp\/v2\/users\/51"}],"replies":[{"embeddable":true,"href":"https:\/\/agora.xtec.cat\/ceipparealgue\/wp-json\/wp\/v2\/comments?post=4943"}],"version-history":[{"count":1,"href":"https:\/\/agora.xtec.cat\/ceipparealgue\/wp-json\/wp\/v2\/posts\/4943\/revisions"}],"predecessor-version":[{"id":4944,"href":"https:\/\/agora.xtec.cat\/ceipparealgue\/wp-json\/wp\/v2\/posts\/4943\/revisions\/4944"}],"wp:attachment":[{"href":"https:\/\/agora.xtec.cat\/ceipparealgue\/wp-json\/wp\/v2\/media?parent=4943"}],"wp:term":[{"taxonomy":"category","embeddable":true,"href":"https:\/\/agora.xtec.cat\/ceipparealgue\/wp-json\/wp\/v2\/categories?post=4943"},{"taxonomy":"post_tag","embeddable":true,"href":"https:\/\/agora.xtec.cat\/ceipparealgue\/wp-json\/wp\/v2\/tags?post=4943"}],"curies":[{"name":"wp","href":"https:\/\/api.w.org\/{rel}","templated":true}]}}