{"id":494,"date":"2019-03-26T20:21:58","date_gmt":"2019-03-26T19:21:58","guid":{"rendered":"https:\/\/agora.xtec.cat\/ceipparealgue\/?p=494"},"modified":"2019-04-04T20:38:28","modified_gmt":"2019-04-04T18:38:28","slug":"concert-del-grup-de-pizzicants-de-tercer","status":"publish","type":"post","link":"https:\/\/agora.xtec.cat\/ceipparealgue\/portada\/concert-del-grup-de-pizzicants-de-tercer\/","title":{"rendered":"CONCERT DEL GRUP DE PIZZICANTS DE TERCER"},"content":{"rendered":"<p>El passat dimarts 26 de mar\u00e7 el grup de tercer va oferir un concert als pares i als alumnes d&#8217;Educaci\u00f3 Infantil de l&#8217;escola en el qu\u00e8 demostraven les seves grans habilitats per tocar la viola, el viol\u00ed o b\u00e9 el violoncel.<\/p>\n<p>Va ser un gran concert en el qu\u00e8 van estar molt concentrats i, alhora, gaudint del moment. Ho van fer molt b\u00e9!<\/p>\n<p>Enhorabona!<\/p>\n<p style=\"text-align: center;\"><iframe loading=\"lazy\" src=\"https:\/\/player.vimeo.com\/video\/328486272\" width=\"640\" height=\"360\" frameborder=\"0\" allowfullscreen=\"allowfullscreen\"><\/iframe><\/p>\n","protected":false},"excerpt":{"rendered":"<p>El passat dimarts 26 de mar\u00e7 el grup de tercer va oferir un concert als pares i als alumnes d&#8217;Educaci\u00f3 Infantil de l&#8217;escola en el qu\u00e8 demostraven les seves grans habilitats per tocar la viola, el viol\u00ed o b\u00e9 el violoncel.<br \/>\nVa ser un gran concert&hellip;  <a href=\"https:\/\/agora.xtec.cat\/ceipparealgue\/portada\/concert-del-grup-de-pizzicants-de-tercer\/\" title=\"Read CONCERT DEL GRUP DE PIZZICANTS DE TERCER\">Llegeix m\u00e9s\u00bb<\/a><\/p>\n","protected":false},"author":1,"featured_media":503,"comment_status":"open","ping_status":"closed","sticky":false,"template":"","format":"standard","meta":{"_bbp_topic_count":0,"_bbp_reply_count":0,"_bbp_total_topic_count":0,"_bbp_total_reply_count":0,"_bbp_voice_count":0,"_bbp_anonymous_reply_count":0,"_bbp_topic_count_hidden":0,"_bbp_reply_count_hidden":0,"_bbp_forum_subforum_count":0,"footnotes":""},"categories":[60,4,12],"tags":[],"class_list":["post-494","post","type-post","status-publish","format-standard","has-post-thumbnail","hentry","category-pizzicants","category-portada","category-12"],"post_mailing_queue_ids":[],"_links":{"self":[{"href":"https:\/\/agora.xtec.cat\/ceipparealgue\/wp-json\/wp\/v2\/posts\/494","targetHints":{"allow":["GET"]}}],"collection":[{"href":"https:\/\/agora.xtec.cat\/ceipparealgue\/wp-json\/wp\/v2\/posts"}],"about":[{"href":"https:\/\/agora.xtec.cat\/ceipparealgue\/wp-json\/wp\/v2\/types\/post"}],"author":[{"embeddable":true,"href":"https:\/\/agora.xtec.cat\/ceipparealgue\/wp-json\/wp\/v2\/users\/1"}],"replies":[{"embeddable":true,"href":"https:\/\/agora.xtec.cat\/ceipparealgue\/wp-json\/wp\/v2\/comments?post=494"}],"version-history":[{"count":3,"href":"https:\/\/agora.xtec.cat\/ceipparealgue\/wp-json\/wp\/v2\/posts\/494\/revisions"}],"predecessor-version":[{"id":504,"href":"https:\/\/agora.xtec.cat\/ceipparealgue\/wp-json\/wp\/v2\/posts\/494\/revisions\/504"}],"wp:featuredmedia":[{"embeddable":true,"href":"https:\/\/agora.xtec.cat\/ceipparealgue\/wp-json\/wp\/v2\/media\/503"}],"wp:attachment":[{"href":"https:\/\/agora.xtec.cat\/ceipparealgue\/wp-json\/wp\/v2\/media?parent=494"}],"wp:term":[{"taxonomy":"category","embeddable":true,"href":"https:\/\/agora.xtec.cat\/ceipparealgue\/wp-json\/wp\/v2\/categories?post=494"},{"taxonomy":"post_tag","embeddable":true,"href":"https:\/\/agora.xtec.cat\/ceipparealgue\/wp-json\/wp\/v2\/tags?post=494"}],"curies":[{"name":"wp","href":"https:\/\/api.w.org\/{rel}","templated":true}]}}